{"id":78468,"date":"2018-06-25T20:07:15","date_gmt":"2018-06-25T23:07:15","guid":{"rendered":"http:\/\/argentinamunicipal.com.ar\/argentina\/?p=78468"},"modified":"2018-06-25T20:07:15","modified_gmt":"2018-06-25T23:07:15","slug":"no-contribuye-a-nada","status":"publish","type":"post","link":"http:\/\/argentinamunicipal.com.ar\/argentina\/no-contribuye-a-nada\/","title":{"rendered":"\u00abNo contribuye a nada\u00bb"},"content":{"rendered":"<p>El Presidente estuvo en Tandil con la gobernadora bonaerense Mar\u00eda Eugenia Vidal y aprovech\u00f3 para criticar la medida de fuerza de la CGT y casi todo el arco sindical. \u00abLos paros no contribuyen a nada, no suman. Porque no creo que haya habido un gobierno en d\u00e9cadas con tanta preocupaci\u00f3n por el empleo, por los trabajadores, por \u00a0generar nuevas oportunidades, por fortalecer los empleos que tenemos y crear nuevos\u00bb, sostuvo el mandatario en di\u00e1logo con El Eco de Tandil.<\/p>\n<p>Macri defendi\u00f3 el acuerdo con el FMI, uno de los puntos de reclamo del paro por el mega ajuste que trae aparejado, y dijo que \u00abel mundo ha demostrado una vez m\u00e1s que conf\u00eda en lo que podemos hacer los argentinos\u00bb. En esa l\u00ednea, consider\u00f3 que el d\u00e9ficit fiscal es \u00abla mochila que no nos deja crecer\u00bb y pidi\u00f3 m\u00e1s recorte al plantear que \u00abnecesitamos que cada intendente, cada gobernador y el gobierno nacional vivan con los recursos que nosotros les damos, no gastando de m\u00e1s\u00bb.<\/p>\n<p>Sobre cu\u00e1ndo los supuestos logros de su gesti\u00f3n se sentir\u00e1n en las clases medias y populares, el mandatario plante\u00f3 que \u00abnunca nada va a ser parejo en t\u00e9rminos de la econom\u00eda del Siglo XXI\u00bb y responsabiliz\u00f3 a la \u00abrevoluci\u00f3n tecnol\u00f3gica\u00bb por ello. \u00abVan a desaparecer empleos tradicionales y se van a crear nuevos\u00bb, a\u00f1adi\u00f3.<\/p>\n<p>Macri dijo que en las \u00abmesas de productividad\u00bb con algunos sectores recibe elogios: \u00abTodos me dicen \u2018gracias, Presidente, nunca se hab\u00edan sentado con nosotros a escuchar nuestras necesidades para poder crecer\u2019\u00bb, narr\u00f3.<\/p>\n<p>Tambi\u00e9n asegur\u00f3 que \u00abse generaron m\u00e1s de 600 mil puestos de trabajo, tenemos una Argentina en crecimiento\u201d. Casi inmediatamente culp\u00f3 de la crisis econ\u00f3mica a \u00abla sequ\u00eda\u00bb y \u00abal mundo\u00bb.<\/p>\n<h6>Fuente: P\u00e1gina 12<\/h6>\n","protected":false},"excerpt":{"rendered":"<p>El Presidente estuvo en Tandil con la gobernadora bonaerense Mar\u00eda Eugenia Vidal y aprovech\u00f3 para criticar la medida de fuerza de la CGT y casi todo el arco sindical. <\/p>\n","protected":false},"author":2,"featured_media":78469,"comment_status":"closed","ping_status":"closed","sticky":false,"template":"","format":"standard","meta":{"footnotes":""},"categories":[8],"tags":[21],"class_list":["post-78468","post","type-post","status-publish","format-standard","has-post-thumbnail","hentry","category-informe-nacional","tag-argentina"],"_links":{"self":[{"href":"http:\/\/argentinamunicipal.com.ar\/argentina\/wp-json\/wp\/v2\/posts\/78468","targetHints":{"allow":["GET"]}}],"collection":[{"href":"http:\/\/argentinamunicipal.com.ar\/argentina\/wp-json\/wp\/v2\/posts"}],"about":[{"href":"http:\/\/argentinamunicipal.com.ar\/argentina\/wp-json\/wp\/v2\/types\/post"}],"author":[{"embeddable":true,"href":"http:\/\/argentinamunicipal.com.ar\/argentina\/wp-json\/wp\/v2\/users\/2"}],"replies":[{"embeddable":true,"href":"http:\/\/argentinamunicipal.com.ar\/argentina\/wp-json\/wp\/v2\/comments?post=78468"}],"version-history":[{"count":0,"href":"http:\/\/argentinamunicipal.com.ar\/argentina\/wp-json\/wp\/v2\/posts\/78468\/revisions"}],"wp:featuredmedia":[{"embeddable":true,"href":"http:\/\/argentinamunicipal.com.ar\/argentina\/wp-json\/wp\/v2\/media\/78469"}],"wp:attachment":[{"href":"http:\/\/argentinamunicipal.com.ar\/argentina\/wp-json\/wp\/v2\/media?parent=78468"}],"wp:term":[{"taxonomy":"category","embeddable":true,"href":"http:\/\/argentinamunicipal.com.ar\/argentina\/wp-json\/wp\/v2\/categories?post=78468"},{"taxonomy":"post_tag","embeddable":true,"href":"http:\/\/argentinamunicipal.com.ar\/argentina\/wp-json\/wp\/v2\/tags?post=78468"}],"curies":[{"name":"wp","href":"https:\/\/api.w.org\/{rel}","templated":true}]}}