{"id":78483,"date":"2018-06-28T06:56:24","date_gmt":"2018-06-28T09:56:24","guid":{"rendered":"http:\/\/argentinamunicipal.com.ar\/argentina\/?p=78483"},"modified":"2018-06-28T06:56:24","modified_gmt":"2018-06-28T09:56:24","slug":"gestion-macri-la-deuda-externa-asciende-a-mas-250-mil-millones-y-aumento-275-en-forma-interanual","status":"publish","type":"post","link":"http:\/\/argentinamunicipal.com.ar\/argentina\/gestion-macri-la-deuda-externa-asciende-a-mas-250-mil-millones-y-aumento-275-en-forma-interanual\/","title":{"rendered":"Gesti\u00f3n Macri: la deuda externa asciende a m\u00e1s 250 mil millones y aument\u00f3 27,5% en forma interanual"},"content":{"rendered":"<p>El Indec dio a conocer el informe de Balanza de Pagos del primer trimestre del a\u00f1o y arroj\u00f3 una suba de casi 55 mil millones de d\u00f3lares en ese lapso. Todav\u00eda no se computo el acuerdo con el FMI con lo cual el n\u00famero ser\u00e1 mucho mayor.<\/p>\n<p>El Indec public\u00f3 el informe de Balanza de Pagos y se conoci\u00f3 que la deuda externa lleg\u00f3 en el primer trimestre del a\u00f1o a u$s 253.741 millones y aument\u00f3 u$s 19.192 millones respecto del \u00faltimo trimestre del a\u00f1o anterior. La cuenta corriente acumul\u00f3 en ese lapso un d\u00e9ficit de u$s 9.623 millones.<\/p>\n<p>La deuda externa aument\u00f3, en el primer trimestre del a\u00f1o, en u$s 54.873 millones, lo que equivali\u00f3 a un incremento del 27,5% en forma interanual, desde el pasivo de u$s 198.868 millones de un a\u00f1o atr\u00e1s. El incremento se debi\u00f3 principalmente a las emisiones de deuda del gobierno general y del Banco Central, seg\u00fan public\u00f3 \u00e1mbito.com.<\/p>\n<p>A fin de marzo \u00faltimo el 60% de la deuda correspondi\u00f3 al gobierno general; 9% al Banco Central; 3% a las sociedades captadoras de dep\u00f3sitos, el 1% a otras sociedades financieras y el 27% a sociedades no financieras y hogares.<\/p>\n<p>Cabe destacar que en este estado de cuenta no se cuenta todav\u00eda el cr\u00e9dito que por u$s 50.000 millones el gobierno tom\u00f3 en el acuerdo con el FMI.<\/p>\n<p>El 87% de la composici\u00f3n de la deuda externa a valor nominal, por tipo de moneda, est\u00e1 nominada en moneda extranjera. \u00a0La mayor proporci\u00f3n, en un 68%, es en d\u00f3lares.<\/p>\n<p>En el primer trimestre del a\u00f1o la cuenta corriente registr\u00f3 un d\u00e9ficit de u$s 9.623 millones que signific\u00f3 un aumento del 34,4%, respecto del pasivo de 7.158 que registraba en marzo del a\u00f1o pasado.<\/p>\n<p>El Indec se\u00f1al\u00f3 que este aumento se explica por los saldos negativos en la balanza de bienes y servicios de u$s 5.279 millones y en los ingresos primarios de u$s 4.514 millones, y por un super\u00e1vit de ingresos secundarios u$s 170 millones.<\/p>\n<p>En el per\u00edodo relevado por el organismo la cuenta financiera mostr\u00f3 un ingreso neto de capitales de u$s 10.083 millones y por efecto de las transacciones de la balanza de pagos, las reservas internacionales se incrementaron en u$s 6.153 millones, respecto del primer trimestre de un a\u00f1o atr\u00e1s.<\/p>\n<p>Al 31 de marzo pasado la econom\u00eda argentina registr\u00f3 una posici\u00f3n de inversi\u00f3n internacional neta acreedora a valor de mercado de u$s 27.304 millones, u$s 4.426 millones mayor que en el trimestre anterior.<\/p>\n<h6>Fuente: InfoCielo<\/h6>\n","protected":false},"excerpt":{"rendered":"<p>El Indec dio a conocer el informe de Balanza de Pagos del primer trimestre del a\u00f1o y arroj\u00f3 una suba de casi 55 mil millones de d\u00f3lares en ese lapso. Todav\u00eda no se computo el acuerdo con el FMI con lo cual el n\u00famero ser\u00e1 mucho mayor.<\/p>\n","protected":false},"author":2,"featured_media":78484,"comment_status":"closed","ping_status":"closed","sticky":false,"template":"","format":"standard","meta":{"footnotes":""},"categories":[8],"tags":[21],"class_list":["post-78483","post","type-post","status-publish","format-standard","has-post-thumbnail","hentry","category-informe-nacional","tag-argentina"],"_links":{"self":[{"href":"http:\/\/argentinamunicipal.com.ar\/argentina\/wp-json\/wp\/v2\/posts\/78483","targetHints":{"allow":["GET"]}}],"collection":[{"href":"http:\/\/argentinamunicipal.com.ar\/argentina\/wp-json\/wp\/v2\/posts"}],"about":[{"href":"http:\/\/argentinamunicipal.com.ar\/argentina\/wp-json\/wp\/v2\/types\/post"}],"author":[{"embeddable":true,"href":"http:\/\/argentinamunicipal.com.ar\/argentina\/wp-json\/wp\/v2\/users\/2"}],"replies":[{"embeddable":true,"href":"http:\/\/argentinamunicipal.com.ar\/argentina\/wp-json\/wp\/v2\/comments?post=78483"}],"version-history":[{"count":0,"href":"http:\/\/argentinamunicipal.com.ar\/argentina\/wp-json\/wp\/v2\/posts\/78483\/revisions"}],"wp:featuredmedia":[{"embeddable":true,"href":"http:\/\/argentinamunicipal.com.ar\/argentina\/wp-json\/wp\/v2\/media\/78484"}],"wp:attachment":[{"href":"http:\/\/argentinamunicipal.com.ar\/argentina\/wp-json\/wp\/v2\/media?parent=78483"}],"wp:term":[{"taxonomy":"category","embeddable":true,"href":"http:\/\/argentinamunicipal.com.ar\/argentina\/wp-json\/wp\/v2\/categories?post=78483"},{"taxonomy":"post_tag","embeddable":true,"href":"http:\/\/argentinamunicipal.com.ar\/argentina\/wp-json\/wp\/v2\/tags?post=78483"}],"curies":[{"name":"wp","href":"https:\/\/api.w.org\/{rel}","templated":true}]}}