{"id":78486,"date":"2018-06-28T06:59:11","date_gmt":"2018-06-28T09:59:11","guid":{"rendered":"http:\/\/argentinamunicipal.com.ar\/argentina\/?p=78486"},"modified":"2018-06-28T06:59:11","modified_gmt":"2018-06-28T09:59:11","slug":"conicet-el-gobierno-asegura-que-no-puede-pagar-el-aumento-del-15-y-becarios-continuan-con-el-reclamo","status":"publish","type":"post","link":"http:\/\/argentinamunicipal.com.ar\/argentina\/conicet-el-gobierno-asegura-que-no-puede-pagar-el-aumento-del-15-y-becarios-continuan-con-el-reclamo\/","title":{"rendered":"Conicet: el gobierno asegura que no puede pagar el aumento del 15% y becarios contin\u00faan con el reclamo"},"content":{"rendered":"<p>Este jueves llevar\u00e1n a cabo un paro en todo el pa\u00eds en reclamo de que las autoridades cumplan con lo acordado en negociaciones salariales. A su vez exigen una inmediata recomposici\u00f3n salarial.<\/p>\n<p>Trabajadoras del Conicet contin\u00faan con medidas de fuerza en el marco del reclamo salarial que llevan adelante.\u00a0Este jueves realizar\u00e1n un paro nacional para exigirles al gobierno nacional que cumpla con los acuerdos salarias ya acordados y que se equiparen a la situaci\u00f3n econ\u00f3mica actual.<\/p>\n<p>El conflicto se profundiz\u00f3 a ra\u00edz de que las autoridades del organismo dieran a conocer que no cuentan con los recursos necesarios para abonar el incremento de sueldo del 15%, el bono ni la cl\u00e1usula gatillo adeudada del acuerdo del a\u00f1o anterior.<\/p>\n<p>\u201cEsto significa que los mal llamados \u00abestipendios\u00bb de becarias doctorales se mantendr\u00e1n en $18.981, cifra congelada desde agosto de 2017 y que apenas supera la l\u00ednea de pobreza de acuerdo a las estad\u00edsticas oficiales\u201d, se\u00f1alaron desde\u00a0J\u00f3venes Cient\u00edficos Precarizados de Buenos Aires.<\/p>\n<p>Al mismo tiempo, manifestaron que \u201cestas medidas se dan en el marco de la situaci\u00f3n de emergencia salarial que afecta al colectivo m\u00e1s numeroso de trabajadores y trabajadoras del Cocinet y Agencia\u201d.<\/p>\n<p>Tambi\u00e9n expresaron que la medida es \u201cen reclamo de una inmediata recomposici\u00f3n salarial\u201d y convocan a \u201capoyar activamente\u201d de la protesta.\u00a0\u201cSin trabajadoras no hay ciencia ni investigaci\u00f3n p\u00fablica y los becarios del sistema cient\u00edfico nacional ocupamos una posici\u00f3n clave en el funcionamiento de las universidades, los institutos de investigaci\u00f3n y los laboratorios\u201d, finalizaron.<\/p>\n<h6>Fuente: InfoCielo<\/h6>\n","protected":false},"excerpt":{"rendered":"<p>Este jueves llevar\u00e1n a cabo un paro en todo el pa\u00eds en reclamo de que las autoridades cumplan con lo acordado en negociaciones salariales. A su vez exigen una inmediata recomposici\u00f3n salarial.<\/p>\n","protected":false},"author":2,"featured_media":78487,"comment_status":"closed","ping_status":"closed","sticky":false,"template":"","format":"standard","meta":{"footnotes":""},"categories":[8],"tags":[21],"class_list":["post-78486","post","type-post","status-publish","format-standard","has-post-thumbnail","hentry","category-informe-nacional","tag-argentina"],"_links":{"self":[{"href":"http:\/\/argentinamunicipal.com.ar\/argentina\/wp-json\/wp\/v2\/posts\/78486","targetHints":{"allow":["GET"]}}],"collection":[{"href":"http:\/\/argentinamunicipal.com.ar\/argentina\/wp-json\/wp\/v2\/posts"}],"about":[{"href":"http:\/\/argentinamunicipal.com.ar\/argentina\/wp-json\/wp\/v2\/types\/post"}],"author":[{"embeddable":true,"href":"http:\/\/argentinamunicipal.com.ar\/argentina\/wp-json\/wp\/v2\/users\/2"}],"replies":[{"embeddable":true,"href":"http:\/\/argentinamunicipal.com.ar\/argentina\/wp-json\/wp\/v2\/comments?post=78486"}],"version-history":[{"count":0,"href":"http:\/\/argentinamunicipal.com.ar\/argentina\/wp-json\/wp\/v2\/posts\/78486\/revisions"}],"wp:featuredmedia":[{"embeddable":true,"href":"http:\/\/argentinamunicipal.com.ar\/argentina\/wp-json\/wp\/v2\/media\/78487"}],"wp:attachment":[{"href":"http:\/\/argentinamunicipal.com.ar\/argentina\/wp-json\/wp\/v2\/media?parent=78486"}],"wp:term":[{"taxonomy":"category","embeddable":true,"href":"http:\/\/argentinamunicipal.com.ar\/argentina\/wp-json\/wp\/v2\/categories?post=78486"},{"taxonomy":"post_tag","embeddable":true,"href":"http:\/\/argentinamunicipal.com.ar\/argentina\/wp-json\/wp\/v2\/tags?post=78486"}],"curies":[{"name":"wp","href":"https:\/\/api.w.org\/{rel}","templated":true}]}}