{"id":78498,"date":"2018-06-28T07:20:45","date_gmt":"2018-06-28T10:20:45","guid":{"rendered":"http:\/\/argentinamunicipal.com.ar\/argentina\/?p=78498"},"modified":"2018-06-28T07:20:45","modified_gmt":"2018-06-28T10:20:45","slug":"unos-piden-dialogo-y-otros-plan-de-lucha","status":"publish","type":"post","link":"http:\/\/argentinamunicipal.com.ar\/argentina\/unos-piden-dialogo-y-otros-plan-de-lucha\/","title":{"rendered":"Unos piden di\u00e1logo y otros, plan de lucha"},"content":{"rendered":"<p>Terminado el paro general, los diferentes sectores que integran la central obrera comenzaron a organizarse con vistas a la renovaci\u00f3n de autoridades de agosto. El perfil de la CGT y la relaci\u00f3n con el gobierno nacional.<\/p>\n<p>El d\u00eda despu\u00e9s del paro nacional en la CGT es tan complejo como fueron las jornadas anteriores. El \u00e9xito y contundencia de la medida lejos de descomprimir la situaci\u00f3n interna la increment\u00f3 porque no s\u00f3lo debe resolverse la renovaci\u00f3n de la conducci\u00f3n sino el rol que jugar\u00e1 la central obrera luego del paro general ante el Gobierno. En ese contexto ayer se produjeron dos reuniones por separado. En una de ellas gordos, independientes y gremios de la energ\u00eda analizaron la coyuntura y vieron un proceso de agudizaci\u00f3n de la conflictividad social que se incrementar\u00e1 hacia fin de a\u00f1o y, por lo tanto, pretenden ofrecerle a la Casa Rosada ser los que le pongan una contenci\u00f3n a ese escenario o tendr\u00e1n que enfrentar nuevos paros generales. Por otra parte, se realiz\u00f3 el segundo encuentro de los sindicatos que la semana pasada se juntaron en Smata y que tienen por objetivo delinear un plan program\u00e1tico que le otorgue a la CGT un perfil m\u00e1s combativo para confrontar el modelo econ\u00f3mico desde una posici\u00f3n de mayor fortaleza. Dos grupos que, junto al que lidera el camionero Hugo Moyano, definir\u00e1n si en el futuro hay una o m\u00e1s de una CGT.<\/p>\n<p>A la Federaci\u00f3n del Gas llegaron H\u00e9ctor Daer (sanidad), Gerardo Mart\u00ednez (Uocra), Jos\u00e9 Luis Lingeri (Obras Sanitarias), Andr\u00e9s Rodr\u00edguez de UPCN, Ram\u00f3n Ayala del Uatre, Julio Estevez (jer\u00e1rquicos AFIP) y el due\u00f1o de casa, Oscar Mangone. Entre estos dirigentes existe la esperanza de poder convencer al gobierno para que los cuente como el sector que les pueda garantizar una paz social a cambio de algunas modificaciones en el programa econ\u00f3mico de la Casa de Gobierno. Est\u00e1n convencidos que la crisis econ\u00f3mica ir\u00e1 creciendo y ven a diciembre como el mes m\u00e1s peligroso. Por ahora el Gobierno decidi\u00f3 trabajar sector por sector y no tiene previsto mantener reuniones con el triunvirato. Justamente este es otro tema que este sector debe definir. Por un lado existe la idea de darle continuidad al actual tr\u00edo conductor de la CGT por aquello de no cambiar de montura a mitad del r\u00edo. Enarbolar\u00e1n como argumento que los plazos para realizar un congreso el 22 de agosto est\u00e1n vencidos. Otros, en cambio, se inclinan m\u00e1s por cambiar los nombres de la conducci\u00f3n, tal vez agregar un cuarto integrante pero hacerlo ese d\u00eda de agosto.<\/p>\n<p>Poco antes del mediod\u00eda se produjo el otro encuentro. Esta vez en la sede de la Uni\u00f3n Ferroviaria que conduce Sergio Sasia. Hasta all\u00ed llegaron Ricardo Pignanelli, Antonio Cal\u00f3 (UOM) junto a los referentes de la Corriente Federal de los Trabajadores como Pablo Bir\u00f3 (pilotos), Fabi\u00e1n Felman de Confederaci\u00f3n de Educadores Argentinos, Horacio Ghilini de Sadop, H\u00e9ctor Amichetti (gr\u00e1ficos), V\u00edctor Carricarte (farmacia), Rub\u00e9n Lafuente (molineros), Horacio Arreceygor (Satsaid). Tambi\u00e9n estuvo el Movimiento de Acci\u00f3n Sindical Argentino (MASA) con Sasia, Marcos Castro de Capitanes de Ultramar, Juan Palacios (correo), Ra\u00fal Qui\u00f1ones de tabaco y, para sorpresa de algunos, Omar Plaini de canillitas, entre otros.<\/p>\n<p>Esta fue la segunda reuni\u00f3n, la primera fue en Smata, y lograron sumar m\u00e1s participantes. La presencia de Plaini no implica la uni\u00f3n con el sector de Moyano pero abre una puerta, sobre todo porque por junto al camionero est\u00e1 el bancario Sergio Palazzo, miembro de la Corriente. Si se quiere, ambos sectores comparten la idea de construir una CGT que confronte pero que tambi\u00e9n negocie desde una posici\u00f3n de fortaleza, tal como lo repite a diario Bir\u00f3, el titular de los pilotos de aviones. Durante el largo encuentro que mantuvieron ayer todos los presentes coincidieron en buscar la unidad porque es una cualidad que potencia y para eso sostienen que es preciso que est\u00e9n la mayor\u00eda de los gremios. Incluso se acord\u00f3 abrir un canal de negociaci\u00f3n con Daer pero, a diferencia de los que piensa el sector donde participa el triunviro, este grupo buscar\u00e1 retorna a la conducci\u00f3n unipersonal. Es m\u00e1s, sostienen que el actual triunvirato est\u00e1 desgastado pero no s\u00f3lo por sus errores sino tambi\u00e9n por su aliados que en m\u00e1s de una oportunidad conspiraron con dicha conducci\u00f3n. Este grupo sabe que a partir del golpe de 1955 nunca hubo una sola CGT pero afirman que est\u00e1n frente a una oportunidad hist\u00f3rica y deben intentarlo.<\/p>\n<h6>Fuente: P\u00e1gina 12<\/h6>\n","protected":false},"excerpt":{"rendered":"<p>Terminado el paro general, los diferentes sectores que integran la central obrera comenzaron a organizarse con vistas a la renovaci\u00f3n de autoridades de agosto. El perfil de la CGT y la relaci\u00f3n con el gobierno nacional.<\/p>\n","protected":false},"author":2,"featured_media":78499,"comment_status":"closed","ping_status":"closed","sticky":false,"template":"","format":"standard","meta":{"footnotes":""},"categories":[8],"tags":[21],"class_list":["post-78498","post","type-post","status-publish","format-standard","has-post-thumbnail","hentry","category-informe-nacional","tag-argentina"],"_links":{"self":[{"href":"http:\/\/argentinamunicipal.com.ar\/argentina\/wp-json\/wp\/v2\/posts\/78498","targetHints":{"allow":["GET"]}}],"collection":[{"href":"http:\/\/argentinamunicipal.com.ar\/argentina\/wp-json\/wp\/v2\/posts"}],"about":[{"href":"http:\/\/argentinamunicipal.com.ar\/argentina\/wp-json\/wp\/v2\/types\/post"}],"author":[{"embeddable":true,"href":"http:\/\/argentinamunicipal.com.ar\/argentina\/wp-json\/wp\/v2\/users\/2"}],"replies":[{"embeddable":true,"href":"http:\/\/argentinamunicipal.com.ar\/argentina\/wp-json\/wp\/v2\/comments?post=78498"}],"version-history":[{"count":0,"href":"http:\/\/argentinamunicipal.com.ar\/argentina\/wp-json\/wp\/v2\/posts\/78498\/revisions"}],"wp:featuredmedia":[{"embeddable":true,"href":"http:\/\/argentinamunicipal.com.ar\/argentina\/wp-json\/wp\/v2\/media\/78499"}],"wp:attachment":[{"href":"http:\/\/argentinamunicipal.com.ar\/argentina\/wp-json\/wp\/v2\/media?parent=78498"}],"wp:term":[{"taxonomy":"category","embeddable":true,"href":"http:\/\/argentinamunicipal.com.ar\/argentina\/wp-json\/wp\/v2\/categories?post=78498"},{"taxonomy":"post_tag","embeddable":true,"href":"http:\/\/argentinamunicipal.com.ar\/argentina\/wp-json\/wp\/v2\/tags?post=78498"}],"curies":[{"name":"wp","href":"https:\/\/api.w.org\/{rel}","templated":true}]}}