{"id":78501,"date":"2018-06-28T07:22:53","date_gmt":"2018-06-28T10:22:53","guid":{"rendered":"http:\/\/argentinamunicipal.com.ar\/argentina\/?p=78501"},"modified":"2018-06-28T07:28:04","modified_gmt":"2018-06-28T10:28:04","slug":"cheques-rechazados-y-senal-de-alerta","status":"publish","type":"post","link":"http:\/\/argentinamunicipal.com.ar\/argentina\/cheques-rechazados-y-senal-de-alerta\/","title":{"rendered":"Cheques rechazados y se\u00f1al de alerta"},"content":{"rendered":"<p>El presidente Mauricio Macri asisti\u00f3 ayer a un encuentro en CAME en donde anunci\u00f3 la renovaci\u00f3n de los planes Ahora 3, 6, 12 y 18 cuotas hasta fin de a\u00f1o junto a la suba del m\u00ednimo no imponible para las contribuciones patronales para empresas que enfrentan competencia en la frontera con otros pa\u00edses. \u201cVamos a continuar y potenciar el programa Ahora 12. Es un instrumento valorado por los consumidores, por los productores y por los comerciantes\u201d, consider\u00f3 el ministro de Producci\u00f3n, Dante Sica, quien volvi\u00f3 a advertir sobre las dificultades financieras de pymes.<\/p>\n<p>\u201cLos bancos no ven aumentos de mora en sus clientes pero s\u00ed de cheques rechazados. Y eso empieza a generar una alerta\u201d, dijo ayer Sica en declaraciones radiales. \u201cFrente a este panorama, la prioridad en los pr\u00f3ximos meses es trabajar sobre las cadenas de pagos de las pymes\u201d, indic\u00f3. En sus primeros d\u00edas de gesti\u00f3n Sica mantuvo reuniones con los directivos de la UIA, de la C\u00e1mara de Comercio, con las grandes empresas nucleadas en IDEA y dirigentes de la C\u00e1mara de la Industria del Calzado. Desde la Confederaci\u00f3n General Empresaria (CGERA) advirtieron sobre el cierre de 4787 empresas en 2016 y 2017 seg\u00fan se desprende de datos oficiales.<\/p>\n<p>En el \u201cD\u00eda de las Pymes\u201d, celebrado ayer, Macri y Sica asistieron a la CAME. \u201cVamos a mirar con mucha atenci\u00f3n estos meses, con todos los instrumentos que tenemos a disposici\u00f3n para abordar la coyuntura, sin abandonar la pol\u00edtica de cambios estructurales y mejora de la competitividad. En el universo de las Pymes puede generar alg\u00fan grado de estr\u00e9s financiero producto de la situaci\u00f3n que nos hizo llevar la tasa de inter\u00e9s a estos valores; estamos trabajando para atenuar esto; nuestra prioridad en los pr\u00f3ximos meses ser\u00e1 trabajar en la cadena de pagos de las peque\u00f1as y medianas empresas\u201d, detall\u00f3 el ministro.<\/p>\n<p>El Ministerio de Producci\u00f3n comunic\u00f3 la renovaci\u00f3n de los planes Ahora 3, 6, 12 y 18 hasta el 31 de diciembre \u2013estaba previsto que terminaran el 30 de junio\u2013. El plan contempla 3 y 6 cuotas sin inter\u00e9s en indumentaria, calzado, marroquiner\u00eda, juguetes y juegos de mesa. Las 12 y 18 cuotas son cuotas fijas con inter\u00e9s y abarca a televisores, l\u00ednea blanca, materiales y herramientas para la construcci\u00f3n, muebles, motos, bicicletas, turismo, colchones, libros, anteojos, librer\u00eda, tel\u00e9fonos Celulares 4G, computadoras, notebooks, tabletas, neum\u00e1ticos y accesorios, artefactos de iluminaci\u00f3n e instrumentos musicales. El Gobierno tambi\u00e9n inform\u00f3 que aceler\u00f3 la aplicaci\u00f3n del m\u00ednimo no imponible en contribuciones patronales para comercios minoristas que est\u00e9n registrados en la Ley Pyme radicados en zonas de frontera, en aquellas provincias con al\u00edcuotas de Ingresos Brutos para comercio minorista de hasta 3 por ciento. Macri anunci\u00f3 que promover\u00e1 una nueva Ley Pyme para reemplazar a la sancionada en 2016.<\/p>\n<h6>Fuente: P\u00e1gina 12<\/h6>\n","protected":false},"excerpt":{"rendered":"<p>El presidente Mauricio Macri asisti\u00f3 ayer a un encuentro en CAME en donde anunci\u00f3 la renovaci\u00f3n de los planes Ahora 3, 6, 12 y 18 cuotas hasta fin de a\u00f1o <\/p>\n","protected":false},"author":2,"featured_media":78508,"comment_status":"closed","ping_status":"closed","sticky":false,"template":"","format":"standard","meta":{"footnotes":""},"categories":[8],"tags":[21],"class_list":["post-78501","post","type-post","status-publish","format-standard","has-post-thumbnail","hentry","category-informe-nacional","tag-argentina"],"_links":{"self":[{"href":"http:\/\/argentinamunicipal.com.ar\/argentina\/wp-json\/wp\/v2\/posts\/78501","targetHints":{"allow":["GET"]}}],"collection":[{"href":"http:\/\/argentinamunicipal.com.ar\/argentina\/wp-json\/wp\/v2\/posts"}],"about":[{"href":"http:\/\/argentinamunicipal.com.ar\/argentina\/wp-json\/wp\/v2\/types\/post"}],"author":[{"embeddable":true,"href":"http:\/\/argentinamunicipal.com.ar\/argentina\/wp-json\/wp\/v2\/users\/2"}],"replies":[{"embeddable":true,"href":"http:\/\/argentinamunicipal.com.ar\/argentina\/wp-json\/wp\/v2\/comments?post=78501"}],"version-history":[{"count":0,"href":"http:\/\/argentinamunicipal.com.ar\/argentina\/wp-json\/wp\/v2\/posts\/78501\/revisions"}],"wp:featuredmedia":[{"embeddable":true,"href":"http:\/\/argentinamunicipal.com.ar\/argentina\/wp-json\/wp\/v2\/media\/78508"}],"wp:attachment":[{"href":"http:\/\/argentinamunicipal.com.ar\/argentina\/wp-json\/wp\/v2\/media?parent=78501"}],"wp:term":[{"taxonomy":"category","embeddable":true,"href":"http:\/\/argentinamunicipal.com.ar\/argentina\/wp-json\/wp\/v2\/categories?post=78501"},{"taxonomy":"post_tag","embeddable":true,"href":"http:\/\/argentinamunicipal.com.ar\/argentina\/wp-json\/wp\/v2\/tags?post=78501"}],"curies":[{"name":"wp","href":"https:\/\/api.w.org\/{rel}","templated":true}]}}