{"id":78513,"date":"2018-06-28T07:32:53","date_gmt":"2018-06-28T10:32:53","guid":{"rendered":"http:\/\/argentinamunicipal.com.ar\/argentina\/?p=78513"},"modified":"2018-06-28T07:32:53","modified_gmt":"2018-06-28T10:32:53","slug":"la-epe-intimo-a-la-municipalidad-de-santa-fe-por-la-boleta-de-la-luz","status":"publish","type":"post","link":"http:\/\/argentinamunicipal.com.ar\/argentina\/la-epe-intimo-a-la-municipalidad-de-santa-fe-por-la-boleta-de-la-luz\/","title":{"rendered":"La EPE intim\u00f3 a la Municipalidad de Santa Fe por la boleta de la luz\u00a0"},"content":{"rendered":"<p>\u00abUno cuando le paga algo a alguien va y lo hace, no le dice \u00abven\u00ed a buscar la plata\u00bb\u00bb, apunt\u00f3 la funcionaria provincial, Ver\u00f3nica Geese a UNO en la Radio. Adelant\u00f3 que la EPE colocar\u00e1 500 medidores para saber cu\u00e1nto consume el alumbrado p\u00fablico de la ciudad.<\/p>\n<p>La pol\u00e9mica por el pago de la Cuota de Alumbrado P\u00fablico que se desat\u00f3 entre la Municipalidad de\u00a0Santa Fe\u00a0y la Empresa Provincial de la Energ\u00eda sum\u00f3 un nuevo cap\u00edtulo. Este mi\u00e9rcoles la secretaria de Energ\u00eda de la provincia, Ver\u00f3nica Geese, relat\u00f3 en\u00a0UNO en la Radio, por FM 91.5, que la Municipalidad de Santa Fe fue intimada desde la Empresa Provincial de la Energ\u00eda (EPE) por falta de pago de las boletas de la luz del alumbrado p\u00fablico. Esos documentos, que corresponden a abril y mayo y suman un total de 22,6 millones de pesos, vencieron el 21 de junio pasado.<\/p>\n<p>Adem\u00e1s adelant\u00f3 que la EPE colocar\u00e1 500 medidores para saber cu\u00e1nto consume el alumbrado de la ciudad y dijo que en la reuni\u00f3n que la empresa mantendr\u00e1 con autoridades municipales del mi\u00e9rcoles 4 de julio, a las 15, se coordinar\u00e1n los detalles de c\u00f3mo se colocar\u00e1n los artefactos de medici\u00f3n. Adem\u00e1s, dio detalles de la reuni\u00f3n de la comisi\u00f3n t\u00e9cnica que evaluar\u00e1 c\u00f3mo se componen las tarifas de energ\u00eda el\u00e9ctrica.<\/p>\n<p>\u00abHay una intimaci\u00f3n por carta documento. No s\u00e9 cu\u00e1ndo la habr\u00e1n recibido, pero ten\u00edan a partir de la recepci\u00f3n 48 horas para efectivizar el pago. Porque eso de que te dejo el cheque ac\u00e1 en ventanilla para que lo vayas a cobrar no es voluntad de pago. Uno cuando quiere pagar, va y paga\u00bb, sentenci\u00f3 Geese sobre el ofrecimiento del intendente\u00a0Jos\u00e9 Corral\u00a0de que la empresa retire los cheques para cobrar lo que el Ejecutivo municipal considera justo pagar.<\/p>\n<p>Esos documentos de pago son por 9,2 millones de pesos, una cifra notablemente inferior a los montos de las primeras dos boletas que envi\u00f3 la empresa luego de que desde el municipio se hicieron cargo del pago del alumbrado p\u00fablico que antes abonaban los vecinos.<\/p>\n<p>En ese sentido, la funcionaria provincial, insisti\u00f3: \u00abPueden demostrar voluntad pero tienen que hacer el pago con un cheque entregado o un dep\u00f3sito en la cuenta corriente de la EPE. Uno cuando le paga algo a alguien va y lo hace, no le dice \u00abven\u00ed a buscar la plata\u00bb porque no funciona as\u00ed. De todas formas espero que realmente puedan hacer ese compromiso con la gente, que pague el municipio y no la gente de Santa Fe\u00bb.<\/p>\n<p>En esta misma l\u00ednea, al ser consultada por\u00a0UNO\u00a0sobre la colocaci\u00f3n de medidores de energ\u00eda en la ciudad, Geese respondi\u00f3: \u00abEn realidad lo que tiene que hacer la Municipalidad es adecuar las instalaciones y preparar las casillas, los lugares f\u00edsicos donde se colocar\u00e1n los medidores, eso es lo que corre por cuenta de la Municipalidad. La EPE instala los medidores. Por eso es la reuni\u00f3n t\u00e9cnica de la semana que viene para ver c\u00f3mo se efect\u00faa ese cronograma. La EPE seguramente har\u00e1 una propuesta y desde la Municipalidad ver\u00e1n si pueden adecuarse a eso o hacen alguna contrapropuesta. Espero que realmente vengan a la reuni\u00f3n\u00bb.<\/p>\n<p>Y agreg\u00f3: \u00abSupongo que les llevar\u00e1 tres meses la colocaci\u00f3n. Esperemos que vayan pagando, haciendo frente al compromiso que asumi\u00f3 la intendencia cuando hace unos meses termin\u00f3 intempestivamente el convenio. Como es la \u00fanica municipalidad que en este momento est\u00e1 en esta situaci\u00f3n esperamos que sea un ejemplo para las dem\u00e1s de cumplimiento, y para la gente en s\u00ed tambi\u00e9n\u00bb.<\/p>\n<p>UNO\u00a0pregunt\u00f3 s\u00ed hubo otros municipios o comunas de la provincia que hayan expresado rescindir el contrato, y la secretaria describi\u00f3: \u00abNo, hasta ahora no. Est\u00e1n solicitando informaci\u00f3n y la EPE la est\u00e1 enviando en estos d\u00edas con respecto a cu\u00e1nto se factura. Las peque\u00f1as localidades tienen medidores, entonces dependiendo de la situaci\u00f3n de cada una la EPE puede mandar la informaci\u00f3n de los medidores o la estimaci\u00f3n a la que llegaron en un acuerdo con los mismos municipios o comunas de acuerdo a la cantidad de luces que tienen, etc\u00e9tera\u00bb.<\/p>\n<p>Por \u00faltimo, sobre la comisi\u00f3n para evaluar tarifas de energ\u00eda el\u00e9ctrica apunt\u00f3: \u00abLa idea principal del gobernador es que sirva para transparentar todo el accionar de la EPE y la comisi\u00f3n decidi\u00f3 mostrar c\u00f3mo se compra la energ\u00eda, desde el inicio de la cadena\u00bb, y agreg\u00f3: Eso es lo que expuso la EPE hoy, adem\u00e1s de mostrar c\u00f3mo est\u00e1 formada la empresa\u00bb.<\/p>\n<h6>Fuetne: Uno<\/h6>\n","protected":false},"excerpt":{"rendered":"<p>\u00abUno cuando le paga algo a alguien va y lo hace, no le dice \u00abven\u00ed a buscar la plata\u00bb\u00bb, apunt\u00f3 la funcionaria provincial, Ver\u00f3nica Geese a UNO en la Radio.<\/p>\n","protected":false},"author":2,"featured_media":78514,"comment_status":"closed","ping_status":"closed","sticky":false,"template":"","format":"standard","meta":{"footnotes":""},"categories":[4],"tags":[10],"class_list":["post-78513","post","type-post","status-publish","format-standard","has-post-thumbnail","hentry","category-informe-politico","tag-santa-fe"],"_links":{"self":[{"href":"http:\/\/argentinamunicipal.com.ar\/argentina\/wp-json\/wp\/v2\/posts\/78513","targetHints":{"allow":["GET"]}}],"collection":[{"href":"http:\/\/argentinamunicipal.com.ar\/argentina\/wp-json\/wp\/v2\/posts"}],"about":[{"href":"http:\/\/argentinamunicipal.com.ar\/argentina\/wp-json\/wp\/v2\/types\/post"}],"author":[{"embeddable":true,"href":"http:\/\/argentinamunicipal.com.ar\/argentina\/wp-json\/wp\/v2\/users\/2"}],"replies":[{"embeddable":true,"href":"http:\/\/argentinamunicipal.com.ar\/argentina\/wp-json\/wp\/v2\/comments?post=78513"}],"version-history":[{"count":0,"href":"http:\/\/argentinamunicipal.com.ar\/argentina\/wp-json\/wp\/v2\/posts\/78513\/revisions"}],"wp:featuredmedia":[{"embeddable":true,"href":"http:\/\/argentinamunicipal.com.ar\/argentina\/wp-json\/wp\/v2\/media\/78514"}],"wp:attachment":[{"href":"http:\/\/argentinamunicipal.com.ar\/argentina\/wp-json\/wp\/v2\/media?parent=78513"}],"wp:term":[{"taxonomy":"category","embeddable":true,"href":"http:\/\/argentinamunicipal.com.ar\/argentina\/wp-json\/wp\/v2\/categories?post=78513"},{"taxonomy":"post_tag","embeddable":true,"href":"http:\/\/argentinamunicipal.com.ar\/argentina\/wp-json\/wp\/v2\/tags?post=78513"}],"curies":[{"name":"wp","href":"https:\/\/api.w.org\/{rel}","templated":true}]}}