{"id":78614,"date":"2018-07-01T19:17:34","date_gmt":"2018-07-01T22:17:34","guid":{"rendered":"http:\/\/argentinamunicipal.com.ar\/argentina\/?p=78614"},"modified":"2018-07-01T19:17:34","modified_gmt":"2018-07-01T22:17:34","slug":"la-noche-de-la-censura","status":"publish","type":"post","link":"http:\/\/argentinamunicipal.com.ar\/argentina\/la-noche-de-la-censura\/","title":{"rendered":"La Noche de la Censura"},"content":{"rendered":"<p>\u201c\u00bfPod\u00e9s subir el volumen?\u201d, le pidi\u00f3 Pablo Alabarces al sonidista de unas de las charlas abiertas que se llevaron a cabo ayer en el cuarto piso del CCK, en el marco de La Noche de la Filosof\u00eda. El micr\u00f3fono lo ten\u00eda en una mano el fil\u00f3sofo Diego Singer. En la otra, Singer agarraba el documento que hab\u00edan firmado junto con Alabarces y otros participantes de ese encuentro, en repudio a los despidos de T\u00e9lam y en exigencia de la reincorporaci\u00f3n de los trabajadores. Por orden de Marcela Boeris, una de las funcionarias responsables del evento organizado por el Sistema Federal de Medios P\u00fablicos, el volumen no subi\u00f3 durante la lectura del texto y se apag\u00f3 cuando Singer le cedi\u00f3 el micr\u00f3fono a uno de los trabajadores de la agencia. A viva voz, termin\u00f3 explicando el reclamo que mantienen por la reincorporaci\u00f3n de los m\u00e1s de 350 puestos de trabajo recortados por Hern\u00e1n Lombardi. \u201cEsto es un claro acto de censura\u201d, denunci\u00f3 el fil\u00f3sofo Alejandro Boverio.<\/p>\n<p>Rodeado de trabajadores de T\u00e9lam con carteles en rechazo a los despidos, Singer ley\u00f3 el manifiesto en el que los fil\u00f3sofos expresaron su solidaridad con los 357 trabajadores\/as despedidos\/as de T\u00e9lam y exigieron su \u201cinmediata reincorporaci\u00f3n, as\u00ed como el fin de toda otra pol\u00edtica tendiente a empobrecer y limitar la libertad de informaci\u00f3n y el debate p\u00fablico\u201d. Adem\u00e1s de \u00e9l, Boverio y Alabarces, acompa\u00f1aron la nota Ezequiel Adamovsky, Luc\u00eda Alvarez, Esteban Buch, Diego Escolar, Maristella Svampa, Dar\u00edo Sztajnszrajber, Horacio Tarcus y Pablo Wright, entre otros. Muchos de ellos estaban ah\u00ed y denunciaron como Boverio que la actitud de los organizadores de \u201cacallar las voces\u201d era un acto de censura.<\/p>\n<p>Antes de la lectura p\u00fablica, los fil\u00f3sofos y pensadores explicaron a P\u00e1ginaI12 que sintieron una \u201cprovocaci\u00f3n\u201d y una \u201cprofunda incomodidad\u201d por participar en un encuentro convocado por el \u00e1rea responsable de los despidos de T\u00e9lam. \u201cNos preguntamos qu\u00e9 tipo de rol tenemos que cumplir en un encuentro del que Lombardi se jact\u00f3 durante la misma entrevista en la que presumi\u00f3 de los despidos\u201d, sostuvo Alabarces. Svampa explic\u00f3 que evaluaron la posibilidad de retirarse del evento pero luego decidieron \u201cusar el espacio para contestar\u201d. \u201cDarle lugar a la gente de T\u00e9lam, leer esta declaraci\u00f3n y expresar nuestra disconformidad no solo con las pol\u00edticas culturales y de medios de este gobierno sino tambi\u00e9n con las pol\u00edticas p\u00fablicas en general\u201d, complet\u00f3. Algunos, como Svampa, volvieron a leer el manifiesto en sus espacios de expresi\u00f3n pautados durante la Noche de la Filosof\u00eda. otros, como Alabarces y Adamovsky, invitaron a los trabajadores y delegados de T\u00e9lam a hacer uso de la palabra. Luc\u00eda \u00c1lvarez les cedi\u00f3 el tiempo completo de su exposici\u00f3n. Boverio fue de la veintena de pensadores que participaron de la AntiNoche de la Filosof\u00eda, organizada por los trabajadores en la puerta de la sede de la agencia que queda en Belgrano 347.<\/p>\n<p>\u201cEs muy importante poder trabajar\u201d, explic\u00f3 uno de los despedidos. Lo hizo a viva voz, mientras en las otras rondas del \u201cAgora de di\u00e1logo\u201d, los parlantes escup\u00edan decibeles exagerados. \u201cSomos todos trabajadores. No hay actividad militante en T\u00e9lam. Est\u00e1n echando a gente que hace 30 a\u00f1os que trabaja en la agencia, de todas las ideolog\u00edas. Es lamentable\u201d, remarc\u00f3. Lo aplaudieron. Varias personas se quejaron de que les cortaran el micr\u00f3fono. Una de ellas, que vio a Boeris dar la orden, le pidi\u00f3 explicaciones. \u201cEste es un espacio p\u00fablico, lo pagamos todos, no pueden decidir quien habla y quien no\u201d, la increp\u00f3. \u201cSi, lo pagamos caro. Porque se robaron todo\u201d, contest\u00f3 la funcionaria.<\/p>\n<h6>Fuente: P\u00e1gina 12<\/h6>\n","protected":false},"excerpt":{"rendered":"<p>\u201c\u00bfPod\u00e9s subir el volumen?\u201d, le pidi\u00f3 Pablo Alabarces al sonidista de unas de las charlas abiertas que se llevaron a cabo ayer en el cuarto piso del CCK, en el marco de La Noche de la Filosof\u00eda.<\/p>\n","protected":false},"author":2,"featured_media":78615,"comment_status":"closed","ping_status":"closed","sticky":false,"template":"","format":"standard","meta":{"footnotes":""},"categories":[8],"tags":[21],"class_list":["post-78614","post","type-post","status-publish","format-standard","has-post-thumbnail","hentry","category-informe-nacional","tag-argentina"],"_links":{"self":[{"href":"http:\/\/argentinamunicipal.com.ar\/argentina\/wp-json\/wp\/v2\/posts\/78614","targetHints":{"allow":["GET"]}}],"collection":[{"href":"http:\/\/argentinamunicipal.com.ar\/argentina\/wp-json\/wp\/v2\/posts"}],"about":[{"href":"http:\/\/argentinamunicipal.com.ar\/argentina\/wp-json\/wp\/v2\/types\/post"}],"author":[{"embeddable":true,"href":"http:\/\/argentinamunicipal.com.ar\/argentina\/wp-json\/wp\/v2\/users\/2"}],"replies":[{"embeddable":true,"href":"http:\/\/argentinamunicipal.com.ar\/argentina\/wp-json\/wp\/v2\/comments?post=78614"}],"version-history":[{"count":0,"href":"http:\/\/argentinamunicipal.com.ar\/argentina\/wp-json\/wp\/v2\/posts\/78614\/revisions"}],"wp:featuredmedia":[{"embeddable":true,"href":"http:\/\/argentinamunicipal.com.ar\/argentina\/wp-json\/wp\/v2\/media\/78615"}],"wp:attachment":[{"href":"http:\/\/argentinamunicipal.com.ar\/argentina\/wp-json\/wp\/v2\/media?parent=78614"}],"wp:term":[{"taxonomy":"category","embeddable":true,"href":"http:\/\/argentinamunicipal.com.ar\/argentina\/wp-json\/wp\/v2\/categories?post=78614"},{"taxonomy":"post_tag","embeddable":true,"href":"http:\/\/argentinamunicipal.com.ar\/argentina\/wp-json\/wp\/v2\/tags?post=78614"}],"curies":[{"name":"wp","href":"https:\/\/api.w.org\/{rel}","templated":true}]}}