{"id":78620,"date":"2018-07-01T19:29:16","date_gmt":"2018-07-01T22:29:16","guid":{"rendered":"http:\/\/argentinamunicipal.com.ar\/argentina\/?p=78620"},"modified":"2018-07-01T19:29:16","modified_gmt":"2018-07-01T22:29:16","slug":"78620-2","status":"publish","type":"post","link":"http:\/\/argentinamunicipal.com.ar\/argentina\/78620-2\/","title":{"rendered":"Contra la concentraci\u00f3n de riquezas"},"content":{"rendered":"<p>La declaraci\u00f3n reclama que el acuerdo con el Fondo sea analizado por el Congreso y exige poner a la pobreza \u201cen el centro de las preocupaciones de la democracia\u201d, pero de manera real y \u201cno s\u00f3lo declamativamente\u201d.<\/p>\n<p>El grupo \u201cCristianos para el Tercer Milenio\u201d (CTM) dio a conocer un\u00a0 documento en el que sostiene que \u201ccomo cristianos queremos decir que cuando se adopta un modelo que favorece la concentraci\u00f3n de la riqueza en pocas manos, y no su equitativa distribuci\u00f3n, la preocupaci\u00f3n por el hambre, la enfermedad y educaci\u00f3n se convierten en una declamaci\u00f3n vac\u00eda de contenido\u201d y reclaman que el acuerdo con el Fondo Monetario Internacional sea analizado por el Congreso.<\/p>\n<p>La declaraci\u00f3n fue emitida tambi\u00e9n en respaldo de la Comisi\u00f3n de Pastoral Social del episcopado cat\u00f3lico organismo que la semana anterior afirm\u00f3 que: \u201cLa pobreza debe estar en el centro de las preocupaciones de la democracia\u201d.<\/p>\n<p>CTM est\u00e1 integrado entre otros por Rodolfo Brardinelli, Alicia Pierini, Angel Bruno, Luis Miraldi, Rodolfo Briozzo, Cristina Domeniconi, Ana Cafiero, Hern\u00e1n Pati\u00f1o Mayer, Eduardo Casado Sastre, Miguel Estevez Couso, Alicia Ladr\u00f3n de Guevara y Jos\u00e9 Luis Di Lorenzo.<\/p>\n<p>Recordando el reciente documento vaticano sobre \u201cLas cuestiones econ\u00f3micas y financieras\u201d los Cristianos reafirman que \u201cdeclarar preocupaci\u00f3n por el sufrimiento de los pobres se parece mucho a una burla mal intencionada\u201d cuando se sigue predicando y favoreciendo la libertad del mercado sin atender a que, como dice el documento pontificio, \u201cla experiencia de las \u00faltimas d\u00e9cadas ha demostrado con evidencia (&#8230;) lo ingenua que es la confianza en una autosuficiencia distributiva de los mercados\u201d.<\/p>\n<p>Los datos recientemente aportados por el Observatorio de la Deuda Social de la Universidad Cat\u00f3lica Argentina puso en evidencia, dicen los CTM, que \u201cel 8,5 % de los menores que pasaron hambre durante 2017, que el 17,6% que est\u00e1 mal nutrido por insuficiencia alimentaria y que el 33,8 % que debe comer en comedores comunitarios\u201d, reafirman la necesidad de poner la pobreza \u201cen el centro de las preocupaciones de la democracia\u201d pero de manera real y \u201cno s\u00f3lo declamativamente\u201d.<\/p>\n<p>Porque \u2013sostienen- \u201ccuando la preocupaci\u00f3n central de la democracia es el equilibrio de la macroeconom\u00eda y no la marcha de la econom\u00eda real, la democracia se vac\u00eda de contenido\u201d.<\/p>\n<p>Cristianos para el Tercer Mileno coincide tambi\u00e9n con la Pastoral Social del Episcopado en reclamar \u201cque las pol\u00edticas de ajuste no se practiquen sobre los pobres\u201d pero advierten que \u201cal acudir al FMI, y al aplicar disciplinadamente las pol\u00edticas que impone, se est\u00e1 haciendo precisamente lo contrario\u201d. Y se\u00f1alan los CTM que as\u00ed ha quedado en evidencia en \u201ctodos los pa\u00edses donde se aplicaron estas recetas, y como lo demuestra nuestra propia y dolorosa historia, el disciplinamiento al FMI carga el peso del ajuste sobre los pobres y s\u00f3lo conduce a m\u00e1s miseria y menos trabajo, a m\u00e1s hambre y menos salud, a m\u00e1s exclusi\u00f3n y menos futuro\u201d.<\/p>\n<p>Respaldando tambi\u00e9n lo se\u00f1alado en la \u201cSemana social\u201d de la Iglesia Cat\u00f3lica, el grupo de cristianos reafirma que \u201cla raz\u00f3n de ser de la democracia es que todos los habitantes de una naci\u00f3n puedan participar en las decisiones pol\u00edticas\u201d, porque \u201clo indudablemente da\u00f1oso (son) las pol\u00edticas de ajuste que impone el FMI\u201d.<\/p>\n<p>En l\u00ednea con lo anterior, los CTM sostienen que \u201cm\u00e1s all\u00e1 de cuestiones legales que la gravedad del caso convierten en abstractas, el acuerdo con el FMI debe ser tratado en el congreso por los representantes del pueblo argentino\u201d. Y, agregan, \u201ces un deber de nuestros diputados y senadores exigir ese tratamiento. Ser\u00e1 una oportunidad de demostrar si verdaderamente el hambre, la salud, la educaci\u00f3n y el futuro de los pobres est\u00e1 en el coraz\u00f3n de nuestros representantes\u201d, concluyen.<\/p>\n<h6>Fuente: P\u00e1gina 12<\/h6>\n","protected":false},"excerpt":{"rendered":"<p>La declaraci\u00f3n reclama que el acuerdo con el Fondo sea analizado por el Congreso y exige poner a la pobreza \u201cen el centro de las preocupaciones de la democracia\u201d, pero de manera real y \u201cno s\u00f3lo declamativamente\u201d.<\/p>\n","protected":false},"author":2,"featured_media":78621,"comment_status":"closed","ping_status":"closed","sticky":false,"template":"","format":"standard","meta":{"footnotes":""},"categories":[8],"tags":[21],"class_list":["post-78620","post","type-post","status-publish","format-standard","has-post-thumbnail","hentry","category-informe-nacional","tag-argentina"],"_links":{"self":[{"href":"http:\/\/argentinamunicipal.com.ar\/argentina\/wp-json\/wp\/v2\/posts\/78620","targetHints":{"allow":["GET"]}}],"collection":[{"href":"http:\/\/argentinamunicipal.com.ar\/argentina\/wp-json\/wp\/v2\/posts"}],"about":[{"href":"http:\/\/argentinamunicipal.com.ar\/argentina\/wp-json\/wp\/v2\/types\/post"}],"author":[{"embeddable":true,"href":"http:\/\/argentinamunicipal.com.ar\/argentina\/wp-json\/wp\/v2\/users\/2"}],"replies":[{"embeddable":true,"href":"http:\/\/argentinamunicipal.com.ar\/argentina\/wp-json\/wp\/v2\/comments?post=78620"}],"version-history":[{"count":0,"href":"http:\/\/argentinamunicipal.com.ar\/argentina\/wp-json\/wp\/v2\/posts\/78620\/revisions"}],"wp:featuredmedia":[{"embeddable":true,"href":"http:\/\/argentinamunicipal.com.ar\/argentina\/wp-json\/wp\/v2\/media\/78621"}],"wp:attachment":[{"href":"http:\/\/argentinamunicipal.com.ar\/argentina\/wp-json\/wp\/v2\/media?parent=78620"}],"wp:term":[{"taxonomy":"category","embeddable":true,"href":"http:\/\/argentinamunicipal.com.ar\/argentina\/wp-json\/wp\/v2\/categories?post=78620"},{"taxonomy":"post_tag","embeddable":true,"href":"http:\/\/argentinamunicipal.com.ar\/argentina\/wp-json\/wp\/v2\/tags?post=78620"}],"curies":[{"name":"wp","href":"https:\/\/api.w.org\/{rel}","templated":true}]}}