{"id":78628,"date":"2018-07-01T19:36:55","date_gmt":"2018-07-01T22:36:55","guid":{"rendered":"http:\/\/argentinamunicipal.com.ar\/argentina\/?p=78628"},"modified":"2018-07-01T19:36:55","modified_gmt":"2018-07-01T22:36:55","slug":"los-sueldos-pierden-la-carrera","status":"publish","type":"post","link":"http:\/\/argentinamunicipal.com.ar\/argentina\/los-sueldos-pierden-la-carrera\/","title":{"rendered":"Los sueldos pierden la carrera"},"content":{"rendered":"<p>El \u00edndice de salarios subi\u00f3 2,7 por ciento en abril con relaci\u00f3n a marzo, inform\u00f3 el Indec, un n\u00famero que result\u00f3 similar al \u00edndice de inflaci\u00f3n de ese mes, pero en el acumulado del primer cuatrimestre acumularon una p\u00e9rdida de 3 puntos respecto de la evoluci\u00f3n de los precios. Seg\u00fan el organismo encargado de las estad\u00edsticas, en el caso del personal registrado, el indicador aument\u00f3 2,8 por ciento, con un alza del 3,5 en el sector privado y del 1,5 por ciento en el p\u00fablico.<\/p>\n<p>El Indice de Precios al Consumidor del Indec de abril registr\u00f3 un alza del 2,7 por ciento, acumulando en el primer cuatrimestre un incremento del 9,6. De este modo, los empleados del sector p\u00fablico registrado sufrieron una p\u00e9rdida de poder adquisitivo superior a un punto, s\u00f3lo contabilizando abril. El Gobierno junto con el Banco Central hab\u00edan fijado una meta de inflaci\u00f3n del 15 por ciento para todo el a\u00f1o, pero la corrida cambiaria y las dificultades para frenar el d\u00f3lar llevaron a desestimar esa previsi\u00f3n en la evoluci\u00f3n de los precios.<\/p>\n<p>El \u00edndice de salarios total verific\u00f3 un incremento de 2,7 por ciento en abril respecto de marzo, como consecuencia de la suba de los salarios registrados de 2,8 por ciento y de 2,3 en el sector privado no registrado \u2013que tambi\u00e9n estuvieron por debajo de la inflaci\u00f3n\u2013. Seg\u00fan la informaci\u00f3n oficial, el indicador que mide los salarios del sector registrado acumul\u00f3 en los \u00faltimos 12 meses un aumento de 23,7 por ciento, como consecuencia del incremento de 24,9 del sector privado registrado y el aumento de 21,8 del sector p\u00fablico.<\/p>\n<p>De acuerdo con el Relevamiento de Expectativas de Mercado (REM) del Banco Central se corrigi\u00f3 al alza la proyecci\u00f3n de alza de inflaci\u00f3n, de 20,3 al 22 por ciento. El \u00edndice de salarios total mostr\u00f3 un crecimiento en los \u00faltimos 12 meses de 24,1 por ciento, como consecuencia de la suba 23,7 del total registrado y de 25,6 por ciento del sector privado no registrado.<\/p>\n<h6>Fuente: P\u00e1gina 12<\/h6>\n","protected":false},"excerpt":{"rendered":"<p>El \u00edndice de salarios subi\u00f3 2,7 por ciento en abril con relaci\u00f3n a marzo, inform\u00f3 el Indec, un n\u00famero que result\u00f3 similar al \u00edndice de inflaci\u00f3n de ese mes<\/p>\n","protected":false},"author":2,"featured_media":78629,"comment_status":"closed","ping_status":"closed","sticky":false,"template":"","format":"standard","meta":{"footnotes":""},"categories":[8],"tags":[21],"class_list":["post-78628","post","type-post","status-publish","format-standard","has-post-thumbnail","hentry","category-informe-nacional","tag-argentina"],"_links":{"self":[{"href":"http:\/\/argentinamunicipal.com.ar\/argentina\/wp-json\/wp\/v2\/posts\/78628","targetHints":{"allow":["GET"]}}],"collection":[{"href":"http:\/\/argentinamunicipal.com.ar\/argentina\/wp-json\/wp\/v2\/posts"}],"about":[{"href":"http:\/\/argentinamunicipal.com.ar\/argentina\/wp-json\/wp\/v2\/types\/post"}],"author":[{"embeddable":true,"href":"http:\/\/argentinamunicipal.com.ar\/argentina\/wp-json\/wp\/v2\/users\/2"}],"replies":[{"embeddable":true,"href":"http:\/\/argentinamunicipal.com.ar\/argentina\/wp-json\/wp\/v2\/comments?post=78628"}],"version-history":[{"count":0,"href":"http:\/\/argentinamunicipal.com.ar\/argentina\/wp-json\/wp\/v2\/posts\/78628\/revisions"}],"wp:featuredmedia":[{"embeddable":true,"href":"http:\/\/argentinamunicipal.com.ar\/argentina\/wp-json\/wp\/v2\/media\/78629"}],"wp:attachment":[{"href":"http:\/\/argentinamunicipal.com.ar\/argentina\/wp-json\/wp\/v2\/media?parent=78628"}],"wp:term":[{"taxonomy":"category","embeddable":true,"href":"http:\/\/argentinamunicipal.com.ar\/argentina\/wp-json\/wp\/v2\/categories?post=78628"},{"taxonomy":"post_tag","embeddable":true,"href":"http:\/\/argentinamunicipal.com.ar\/argentina\/wp-json\/wp\/v2\/tags?post=78628"}],"curies":[{"name":"wp","href":"https:\/\/api.w.org\/{rel}","templated":true}]}}