{"id":78656,"date":"2018-07-02T06:59:29","date_gmt":"2018-07-02T09:59:29","guid":{"rendered":"http:\/\/argentinamunicipal.com.ar\/argentina\/?p=78656"},"modified":"2018-07-02T06:59:29","modified_gmt":"2018-07-02T09:59:29","slug":"78656-2","status":"publish","type":"post","link":"http:\/\/argentinamunicipal.com.ar\/argentina\/78656-2\/","title":{"rendered":"\u201cParece que ni siquiera fu\u00e9ramos personas\u201d"},"content":{"rendered":"<p>Decenas de ciudadanos pobres figuran como afiliados cuando jam\u00e1s firmaron un papel ni donaron dinero. Varios de ellos fueron el viernes a reclamar a la C\u00e1mara Nacional Electoral.<\/p>\n<p>\u201cNo puede ser, deb\u00e9s estar equivocada.\u00a0Si yo no entiendo nada de pol\u00edtica. Ni siquiera s\u00e9 donde hay un local del PRO\u201d. Cintia Melgarejo les discut\u00eda a sus dos cu\u00f1adas cuando la llamaron para decirle que hab\u00edan visto su nombre en una lista de aportantes a la campa\u00f1a legislativa de Cambiemos del a\u00f1o pasado, que llevaba como candidatos a Esteban Bullrich y Graciela Oca\u00f1a.\u00a0\u00a0A ella le parec\u00eda un disparate. Pero cuando fue a cotejar lo que le dec\u00edan, encontr\u00f3 su n\u00famero de documento, y un supuesto aporte de 1500 pesos para dos candidatos bonaerenses hecho el 21 de septiembre de 2017. Los datos personales eran los suyos. La fecha &#8211;remarc\u00f3&#8211; una demostraci\u00f3n de que los hab\u00edan usado sin preguntarle y contra su voluntad. Porque Cintia, de 36 a\u00f1os, pelo rubio platinado y piel lisita, vende flores en Avellaneda con su marido, Claudio, para poder llegar a fin de mes ya que el plan social que recibe no le alcanza, y el d\u00eda de la primavera es el de m\u00e1s venta del a\u00f1o. Arrancan a las 6 de la ma\u00f1ana, y no paran hasta vender todo. \u201cMir\u00e1 si justo ese d\u00eda me voy a estar ocupando de ir a poner plata para una campa\u00f1a pol\u00edtica de un partido que ni siquiera iba a votar\u201d, le dice a\u00a0P\u00e1gina\/12.\u00a0En la planilla vio otros nombres que conoc\u00eda de su barrio, Villa Iapi, en Quilmes, y se contact\u00f3 con ellos. Lo mismo se repiti\u00f3 en otros barrios bonaerense donde decenas y decenas de vecinos que figuran otorgando aportes de entre 300 y 2000 pesos o m\u00e1s a la campa\u00f1a se empezaron a contactar entre s\u00ed. Uno de los factores comunes entre la mayor\u00eda es que perciben planes sociales (Ellas Hacen y Argentina Trabaja, hoy unificados en Hacemos Futuro).\u00a0\u00a0Son pobres. Y adem\u00e1s de aparecer como peque\u00f1os donantes\u00a0\u00a0los afiliaron al partido gobernante sin siquiera avisarles. As\u00ed lo constat\u00f3 un grupo de vecinos de Villa Itat\u00ed que el viernes estuvo en la C\u00e1mara Electoral, de donde pudieron llevarse un papel que constata su estatus de afiliado\/a (involuntario\/a) al PRO y algunas sugerencias para iniciar una demanda.<\/p>\n<p>Las listas donde encontraron sus nombres y n\u00fameros de documento hasta ahora cerca de 500 habitantes de la provincia de Buenos Aires fue revelada por el periodista Juan Amor\u00edn en\u00a0El Destape.\u00a0Tom\u00f3 como punto de partida la rendici\u00f3n de aportes a la campa\u00f1a 2017 de la alianza Cambiemos en territorio bonaerense ante la C\u00e1mara Nacional Electoral y al cruzar los nombres de donantes de montos bajos encontr\u00f3 que eran titulares de planes sociales e integrantes de cooperativas, algunos de muchos a\u00f1os. La \u00fanica explicaci\u00f3n que dieron desde esa fuerza pol\u00edtica ante las consultas de los medios, fue que se trataba de afiliados al partido gobernante. La sorpresa fue que muchos de ellos y ellas \u2013si no todos\/as\u2014nunca gestionaron esa afiliaci\u00f3n. Es decir, sus identidades fueron utilizadas para figurar como aportantes truchos pero, adem\u00e1s, como afiliados truchos para inflar listas y padrones. Por los planes sociales , que regula el Ministerio de Desarrollo Social, perciben alrededor de 4500 pesos por mes, a lo que suelen agregar alguna changa. Algunos figuran con donaciones de la mitad de ese ingreso, lo que hace todo m\u00e1s ins\u00f3lito.<\/p>\n<p>\u201cPeor que subestimarnos\u201d<\/p>\n<p>\u201c\u00bfSab\u00e9s como me siento? Como si me hubieran bajado los pantalones sin que yo quiera. No eleg\u00ed estar en esa lista. Al comienzo pens\u00e9 que est\u00e1bamos all\u00ed porque nos subestiman. Despu\u00e9s entend\u00ed que es mucho peor, que ni siquiera parece que fu\u00e9ramos personas.\u00a0\u00a0Una de las cosas que m\u00e1s bronca me da es que nadie nos d\u00e9 una explicaci\u00f3n, se quedan callados. No s\u00e9 c\u00f3mo explicar lo que me pasa, la estoy pasando mal\u201d, le cuenta Noem\u00ed Viera a este diario. Tiene 30 a\u00f1os y 5 hijos, de entre 6 y 13 a\u00f1os. Naci\u00f3, creci\u00f3 y vive en Villa Itat\u00ed, en Quilmes. Con su famili\u00f3n hoy colma una casa que en realidad es un rejunte de habitaciones precarias, una al lado de la otra, que con su marido empezaron a alquilar de a una\u00a0\u00a0hasta que terminaron acordando una compra con el due\u00f1o, que vive al lado, con quien comparten el patio y se convirti\u00f3 en un\u00a0\u00a0abuelo de los ni\u00f1os. En un mismo terreno en este barrio suelen vivir tres o cuatro familias. Noem\u00ed termin\u00f3 la secundaria con el Plan Fines en 2015 y el plan Ellas Hacen \u2013que comenz\u00f3 a percibir por tener m\u00e1s de tres hijos (tambi\u00e9n se les asigna a las v\u00edctimas de violencia de g\u00e9nero y madres con hijos con alguna discapacidad)&#8211; le allan\u00f3 el camino a la universidad, algo que de chica jam\u00e1s hab\u00eda imaginado. En sus or\u00edgenes este plan social estaba pensado para generar trabajo y cooperativas y fomentar el estudio, que es un requisito para recibirlo.\u00a0\u00a0Noem\u00ed hoy cursa en la Universidad de Lan\u00fas una licenciatura en Justicia y Derechos Humanos. Va a las clases por la tarde. Estudia de noche en su casa hasta la madrugada. Les da el desayuno a los chicos a las 6.30 y el pap\u00e1 los lleva a la escuela. Ah\u00ed se va a dormir y se despierta al mediod\u00eda para recibirlos y estar unas horas con ellos. Su marido trabaja en negro. \u201cDesde que nos conocimos fue pintor, alba\u00f1il, vendi\u00f3 tortillas, cort\u00f3 el pasto, hubo momento en que s\u00f3lo ten\u00edamos la asignaci\u00f3n y el programa, pero ac\u00e1 se come todos los d\u00edas\u201d, dice.<\/p>\n<p>En cuanto supo que su nombre estaba en la lista de aportantes a Cambiemos\u00a0\u00a0y como afiliada, Noem\u00ed mand\u00f3 un correo electr\u00f3nico a la C\u00e1mara Electoral. \u201cQuer\u00eda ver a qu\u00e9 partido estaba afiliada, porque yo nunca me afili\u00e9 a nada, y quer\u00eda saber qu\u00e9 hacer. No me contestaron. Lo que menos me imagin\u00e9 era que pod\u00eda ser del PRO. Pero era\u201d, relata Noem\u00ed. Lo constat\u00f3 el viernes cuando fue a la C\u00e1mara Electoral personalmente: figura como parte de esa fuerza desde el a\u00f1o 2010, y aportando a la campa\u00f1a del a\u00f1o pasado 1950 pesos. Le da verg\u00fcenza, explica, porque ella viene de una organizaci\u00f3n social que no es af\u00edn al partido de Mauricio Macri.\u00a0\u00a0En el tribunal le dijeron que para impulsar una demanda, era conveniente que postergara la desafiliaci\u00f3n.<\/p>\n<p>Luis Omar Jaime, de 52 a\u00f1os,\u00a0\u00a0tambi\u00e9n fue hasta el tribunal electoral y constat\u00f3 su afiliaci\u00f3n al PRO. \u201cJam\u00e1s me afili\u00e9 ni don\u00e9 nada. Ni siquiera los vot\u00e9. Los \u00fanicos papeles que firm\u00e9 fueron los de la inscripci\u00f3n al plan Argentina Trabaja, que tengo desde hace doce a\u00f1os, y que gestion\u00e9 porque no ten\u00eda trabajo estable\u201d,\u00a0\u00a0le explica a\u00a0P\u00e1gina\/12. Jaime, como lo llaman sus vecinas ya que el apellido parece un nombre, vive en villa Itat\u00ed desde hace 47 a\u00f1os, cuando lleg\u00f3 desde Tucum\u00e1n con su familia. Nunca pudo terminar la escuela primaria, porque trabaj\u00f3 desde chico. Primero, a los 12 a\u00f1os, con su hermano mayor armaba los puestos de lona de la feria del barrio. Despu\u00e9s empez\u00f3 a \u201chombrear bolsas\u201d, trabajo que hizo durante a\u00f1os. Con el plan social comenz\u00f3 a integrar una cooperativa y le tocan tareas como barrer las calles, pintar, cortar el pasto, arreglar salas de salud. Para complementar sus ingresos y poder alimentar a dos hijos propios y uno de su pareja, entre las 7 y las 10 de la ma\u00f1ana es repartidor de pan, y con eso se garantiza 200 pesos por d\u00eda.<\/p>\n<p>Cuando se enter\u00f3 que su vecino Jaime le hab\u00edan usado el nombre de ese modo, D\u00e9bora Tovani pens\u00f3: \u201cQu\u00e9 feo que te pase eso\u201d. A las pocas horas se enteraba de que ella estaba en la misma situaci\u00f3n, y poco despu\u00e9s, que a su hermana Viviana \u2013que s\u00f3lo cobra Asignaci\u00f3n Universal por Hijo&#8211; le hab\u00eda pasado lo mismo. Todos en las listas de Cambiemos, de prepo, sin haber dicho ni ofrecido nada jam\u00e1s. Seg\u00fan los papeles falsos, D\u00e9bora aport\u00f3 2.200 pesos a las campa\u00f1as de Oca\u00f1a y Bullrich. \u201cFui a la C\u00e1mara electoral porque sent\u00ed que hab\u00edan violado mi identidad. En realidad, directamente me sent\u00ed violada. C\u00f3mo puede ser que tengan todos mis datos y los usen como si nada. Ya me cruc\u00e9 con mucha gente que est\u00e1 en la misma situaci\u00f3n. Pero como casi todos est\u00e1n en las cooperativas, tienen miedo de hacer un reclamo porque suponen que les van a querer sacar el plan. Siempre te amenazan con quit\u00e1rtelo con alguna excusa\u201d, se lamenta al hablar con este diario.\u00a0\u00a0D\u00e9bora, de 34 a\u00f1os, figura como afiliada al PRO desde 2006 y sus aportes a la campa\u00f1a est\u00e1n asentados el d\u00eda del cumplea\u00f1os de dos de sus tres hijos, el 9 de agosto. \u201c\u00bfA qui\u00e9n se le ocurre que voy a ir a poner ese d\u00eda plata, que adem\u00e1s, necesito, para un partido pol\u00edtico al que nunca me acerqu\u00e9 ni vot\u00e9?\u201d, se enfurece. Hasta comienzos de este a\u00f1o D\u00e9bora vend\u00eda rosquitas y pan, que preparaba en la cocina de su casa, que est\u00e1 llena de parches montados con maderas para lograr ambientes diferenciados.\u00a0\u00a0\u201cEste a\u00f1o \u2013aclara&#8211; la gente ya no compra, nadie tiene plata.\u00a0\u00a0S\u00f3lo nos quedan las changas que hace mi marido como alba\u00f1il\u201d.<\/p>\n<p>\u201cQuiero ir a declarar\u201d<\/p>\n<p>El hallazgo period\u00edstico sobre el uso de identidades que estar\u00edan destinados a abultar afiliaciones partidarias y justificar aportes econ\u00f3micos de origen desconocido a Cambiemos, origin\u00f3 la apertura de dos expedientes judiciales. Uno es, en rigor, una investigaci\u00f3n preliminar que abri\u00f3 de oficio el fiscal con competencia electoral Jorge Di Lello, ya que podr\u00eda haber irregularidades en el financiamiento de la campa\u00f1a del a\u00f1o pasado y, por ende, en la rendici\u00f3n de los gastos. De todos modos, tambi\u00e9n se sospecha que pudo haber falsificaci\u00f3n de firmas y documentos y usurpaci\u00f3n de identidades, entre otros posibles delitos. Di Lello orden\u00f3 medidas iniciales, b\u00e1sicas,\u00a0\u00a0como constatar que las personas que aparecen en las listas sean reales, en qu\u00e9 condiciones viven \u2013lo que se pudo apreciar hasta ahora es que viven en la pobreza\u2014y si la C\u00e1mara Electoral los registra, efectivamente, como afiliados, y a qu\u00e9 partido. Algunos de los damnificados, al no saber por d\u00f3nde empezar un reclamo, primero fueron a locales de Cambiemos, donde rebotaron y los mandaron a la C\u00e1mara Electoral. Hay otra causa m\u00e1s en tr\u00e1mite, que la inici\u00f3 la fundaci\u00f3n La Alameda, que plantea una maniobra de lavado de dinero, ya que parte de la plata de aportes de campa\u00f1a, como qued\u00f3 a la vista, no era de las personas a las que les fue atribuida, que a duras penas pueden pagar comida para su casa. Este expediente lo est\u00e1 analizando el fiscal Carlos Stornelli, que debe opinar si se hay motivos para abrir una investigaci\u00f3n penal ante el juez Sebasti\u00e1n Casanello. Todav\u00eda Stornelli no tom\u00f3 posici\u00f3n. Una especulaci\u00f3n en Comdoro Py es que todas las causas vayan a parar a la provincia de Buenos Aires, porque all\u00ed se podr\u00edan haber originado los delitos e incumplimientos. A\u00fan ese desenlace est\u00e1 en veremos.<\/p>\n<p>\u201cNo quisiera que todo esto quede en la nada, sin que se sepa la verdad, qui\u00e9n nos puso ah\u00ed, por qu\u00e9\u201d, se anticipa Natalia Quiroga, de 41 a\u00f1os y siete hijos,\u00a0\u00a0uno de ellos fallecido, y que adem\u00e1s vive con dos nietas. Accedi\u00f3 al plan Ellas Hacen despu\u00e9s de denunciar violencia de g\u00e9nero, un drama que \u2013aclara\u2014sigue padeciendo, aunque su ex pareja tiene una restricci\u00f3n de acercamiento. Con algunas de sus hijas sale dos o tres veces por semana a vender rosquitas en la calle. \u201cCon eso sacamos unos 600 pesos cada vez, pero a m\u00ed me duelen los huesos porque tengo artritis reumatoidea\u201d, dice. En su casa son nueve personas y se api\u00f1an como pueden. Una parte es una construcci\u00f3n a medias, sin terminar. El resto de los d\u00edas cursa la secundaria. Est\u00e1 preparando una prueba de inform\u00e1tica. Hace una pausa en el estudio para hablar con\u00a0P\u00e1gina\/12. \u201cEl \u00faltimo dato que tuve es que aparezco afiliada al PRO. Me qued\u00e9 sorprendida, porque nunca los vot\u00e9\u201d, dice.<\/p>\n<p>Paula Benapres, de 38 a\u00f1os, vive en una zona rural a 45 minutos del centro de Florencio Varela. Como hab\u00eda estado sin luz, desconectada, sin radio ni televisi\u00f3n, no entend\u00eda de qu\u00e9 le hablaba su cu\u00f1ado cuando la llam\u00f3 exaltado dici\u00e9ndole: \u201c\u00a1Est\u00e1s en la lista!\u201d. Pronto comprendi\u00f3 que no era nada bueno. Paula, su marido y sus hijos de 6,7, 14 y 16 a\u00f1os est\u00e1n instalados en un campo que cuidan, donde tienen su propia huerta para autoconsumo. Cuando las verduras no son variadas ni suficientes tratan de intercambiar con otros vecinos. A trav\u00e9s del plan Argentina Trabaja ella integra una cooperativa desde hace ocho a\u00f1os en la que\u00a0\u00a0en la que se ocupa de la organizaci\u00f3n de cursos (como apicultura y m\u00fasica) aunque en los \u00faltimos tiempos colabora en la construcci\u00f3n de un edificio para un Centro de Formaci\u00f3n. Hasta hace cuatro a\u00f1os su pareja trabajaba en un restaurant en Palermo. Cuando lo despidieron, empez\u00f3 a probar sacando su parrilla a la calle al anochecer, convirti\u00e9ndola en una \u201cparrilla al paso\u201d.\u00a0\u00a0\u201cCon eso complementamos los ingresos del plan y las asignaciones\u201d, detalla Paula. Cuando ya no tienen plata ni para el colectivo, lleva a los hijos a la escuela en bicicleta. \u201cHasta hace un tiempo manten\u00edamos un autito, pero hace un a\u00f1o qued\u00f3 ah\u00ed tirado porque ya no lo podemos arreglar m\u00e1s\u201d, cuenta. Por todo esto a Paula le pareci\u00f3 ins\u00f3lito verse en una planilla donde aparece aportando 2400 pesos para Bullrich y Oca\u00f1a, adem\u00e1s de figurar afiliada.<\/p>\n<p>\u201cNunca milit\u00e9 en pol\u00edtica.\u00a0\u00a0Mi militancia es criar a mis hijos lo mejor que puedo, ayudar a mis vecinas y vecinos, trabajar; con mi familia armamos una copa de leche para los pibes del barrio. Mi mam\u00e1 se ocupa de eso todos los d\u00edas, junto con un movimiento cultural que hace murales. Se llama \u2018Los gurises de Guadalupe\u2019 y generamos actividades tambi\u00e9n para que los pibes no est\u00e9n en una esquina. Esta es mi vida\u201d, pinta Paula. \u201cNunca me afili\u00e9 a Cambiemos ni puse plata para esta ni ninguna campa\u00f1a. Quiero ir a declarar y que se encuentre la verdad. Todos los que estamos perjudicados por esto tenemos que hacer algo. Agarraron nuestros datos, como si fu\u00e9semos nada. Quiero saber qui\u00e9n firm\u00f3 por m\u00ed, qui\u00e9n hizo todo esto. No voy a parar hasta que esto se sepa en todas partes\u201d.<\/p>\n<h6>Fuente: P\u00e1gina 12<\/h6>\n","protected":false},"excerpt":{"rendered":"<p>Decenas de ciudadanos pobres figuran como afiliados cuando jam\u00e1s firmaron un papel ni donaron dinero. Varios de ellos fueron el viernes a reclamar a la C\u00e1mara Nacional Electoral.<\/p>\n","protected":false},"author":2,"featured_media":78657,"comment_status":"closed","ping_status":"closed","sticky":false,"template":"","format":"standard","meta":{"footnotes":""},"categories":[8],"tags":[21],"class_list":["post-78656","post","type-post","status-publish","format-standard","has-post-thumbnail","hentry","category-informe-nacional","tag-argentina"],"_links":{"self":[{"href":"http:\/\/argentinamunicipal.com.ar\/argentina\/wp-json\/wp\/v2\/posts\/78656","targetHints":{"allow":["GET"]}}],"collection":[{"href":"http:\/\/argentinamunicipal.com.ar\/argentina\/wp-json\/wp\/v2\/posts"}],"about":[{"href":"http:\/\/argentinamunicipal.com.ar\/argentina\/wp-json\/wp\/v2\/types\/post"}],"author":[{"embeddable":true,"href":"http:\/\/argentinamunicipal.com.ar\/argentina\/wp-json\/wp\/v2\/users\/2"}],"replies":[{"embeddable":true,"href":"http:\/\/argentinamunicipal.com.ar\/argentina\/wp-json\/wp\/v2\/comments?post=78656"}],"version-history":[{"count":0,"href":"http:\/\/argentinamunicipal.com.ar\/argentina\/wp-json\/wp\/v2\/posts\/78656\/revisions"}],"wp:featuredmedia":[{"embeddable":true,"href":"http:\/\/argentinamunicipal.com.ar\/argentina\/wp-json\/wp\/v2\/media\/78657"}],"wp:attachment":[{"href":"http:\/\/argentinamunicipal.com.ar\/argentina\/wp-json\/wp\/v2\/media?parent=78656"}],"wp:term":[{"taxonomy":"category","embeddable":true,"href":"http:\/\/argentinamunicipal.com.ar\/argentina\/wp-json\/wp\/v2\/categories?post=78656"},{"taxonomy":"post_tag","embeddable":true,"href":"http:\/\/argentinamunicipal.com.ar\/argentina\/wp-json\/wp\/v2\/tags?post=78656"}],"curies":[{"name":"wp","href":"https:\/\/api.w.org\/{rel}","templated":true}]}}