{"id":78665,"date":"2018-07-02T07:09:49","date_gmt":"2018-07-02T10:09:49","guid":{"rendered":"http:\/\/argentinamunicipal.com.ar\/argentina\/?p=78665"},"modified":"2018-07-02T07:09:49","modified_gmt":"2018-07-02T10:09:49","slug":"el-intendente-de-villa-canas-dijo-que-la-situacion-social-es-muy-delicada","status":"publish","type":"post","link":"http:\/\/argentinamunicipal.com.ar\/argentina\/el-intendente-de-villa-canas-dijo-que-la-situacion-social-es-muy-delicada\/","title":{"rendered":"El intendente de Villa Ca\u00f1\u00e1s dijo que la situaci\u00f3n social \u00abes muy delicada\u00bb"},"content":{"rendered":"<p>El dirigente radical de la ciudad detall\u00f3 que los pedidos laborales se duplicaron. Asimismo alert\u00f3 que la cuesti\u00f3n puede empeorar.<\/p>\n<p>El intendente de Villa Ca\u00f1\u00e1s, Norberto \u00abTito\u00bb Gizzi mostr\u00f3 su profunda preocupaci\u00f3n por la delicada situaci\u00f3n social que atraviesa su ciudad y alert\u00f3 que si no se corrigen varios aspectos del programa nacional \u00abla cuesti\u00f3n social empeorar\u00e1\u00bb. Dijo que \u00abviene gente a pedir ayuda social a la dependencia de Acci\u00f3n Social que nunca antes vino y adem\u00e1s se multiplicaron los pedidos de trabajo con respecto a otros a\u00f1os. La situaci\u00f3n es muy delicada\u00bb. Por otra parte, desde Venado Tuerto, se dijo que en esa ciudad se incrementaron las consultas de todo tipo en los centros comunitarios (ver aparte).Los dichos de Gizzi son muy parecidos a los de cualquier intendente o presidente comunal del departamento General L\u00f3pez pero en este caso adquieren mayor relevancia por tratarse de un intendente radical, ya que a nivel nacional su partido es aliado del presidente Mauricio Macri.<\/p>\n<p>\u00abEl radicalismo debe exigir mayor participaci\u00f3n en las decisiones del gobierno\u00bb, remarc\u00f3 Tito Gizzi.<\/p>\n<p><strong>Fuertes declaraciones<\/strong><\/p>\n<p>\u00abLos del PRO se cre\u00edan que iban a solucionar todo ellos solos y dejaron de lado a algunos peronistas que los acompa\u00f1aron y hasta el mismo radicalismo que fue ninguneado por el gobierno. Fueron muy soberbios pero hoy tienen que volver a las fuentes para ver como salen de \u00e9sta crisis. El PRO nos us\u00f3 a los radicales y a algunos peronistas para llegar al poder y despu\u00e9s se olvidaron de esos apoyos\u00bb, dijo indignado Gizzi.<\/p>\n<p>Villa Ca\u00f1as es una ciudad ubicada en el departamento General L\u00f3pez a 185 kil\u00f3metros de Rosario y a unos 50 de Venado. Se la conoce por ser el lugar d\u00f3nde naci\u00f3 Mirtha Legrand y, obviamente, por su potencial agropecuario. Sin dudas es una de las localidades m\u00e1s ricas de la zona, pero a la que tambi\u00e9n le lleg\u00f3 la crisis nacional.<\/p>\n<p>\u00abMe parece que el gobierno nacional se manej\u00f3 mal porque estuvo siempre tapando cosas en lugar de decirnos apenas asumieron cu\u00e1l era la gravedad de la crisis\u00bb, dijo el mandatario ca\u00f1ase\u00f1o, y agreg\u00f3 que \u00abhoy estamos con una gran inflaci\u00f3n que repercute en las pymes, en los trabajadores en los peque\u00f1os y medianos productores agrarios. Es un problema muy grave el que estamos atravesando los argentinos\u00bb.<\/p>\n<p>Gizzi mantuvo siempre la cautela en torno a una eventual cr\u00edtica al gobierno de Cambiemos. M\u00e1s teniendo en cuenta que su partido (la UCR) es el principal aliado en Cambiemos. Sin embargo la situaci\u00f3n evidentemente cambio habida cuenta de las fuertes cr\u00edticas que hizo al gobierno nacional.<\/p>\n<p><strong>Recesi\u00f3n<\/strong><\/p>\n<p>El intendente se mostr\u00f3 adem\u00e1s preocupado por los pron\u00f3sticos desalentadores del propio gobierno que dice que habr\u00e1 recesi\u00f3n hasta por lo menos fin de a\u00f1o. \u00abLa verdad que no s\u00e9 porque si est\u00e1n diciendo que todo este a\u00f1o estar\u00e1 complicada la cosa no veo que el a\u00f1o que viene cambie. Salvo por el hecho que en 2019 habr\u00e1 elecciones nacionales\u00bb, resalt\u00f3 Tito Gizzi.<\/p>\n<p>Asimismo el intendente admiti\u00f3 que muchos chicos son asistidos por el municipio. \u00abNos llegan personas con cuatro o cinco facturas de alg\u00fan servicio que no pudieron pagar pero no podemos sentar un antecedente de pagarles a todos los que nos pidan. Si los derivamos a Acci\u00f3n Social y all\u00e1 las profesionales atienen cada caso\u00bb.<\/p>\n<p>En Villa Ca\u00f1\u00e1s y bajo la \u00f3rbita municipal funcionan tres salas barriales y \u00aball\u00ed van a comer, van a almorzar y adem\u00e1s reciben ayuda escolar\u00bb, detall\u00f3 el intendente. Adem\u00e1s admiti\u00f3 que los n\u00fameros de chicos que asisten se increment\u00f3 notoriamente en los \u00faltimos meses y teme que siga increment\u00e1ndose.<\/p>\n<p>\u00abLa situaci\u00f3n no es joda para ning\u00fan mandatario. La gente cada vez pide m\u00e1s, y m\u00e1s y m\u00e1s. Los laburantes ganan poco respecto de la inflaci\u00f3n, a muchos no les alcanza para pagar la luz o el gas y todo eso se nota claramente en las comunas y municipios de la regi\u00f3n. La gente lo primero que hace es pedir ayuda en esos lugares. No les queda otra\u00bb, acot\u00f3 un viejo militante y puntero barrial desde Venado.<\/p>\n<h6>Fuente: La Capital<\/h6>\n","protected":false},"excerpt":{"rendered":"<p>El dirigente radical de la ciudad detall\u00f3 que los pedidos laborales se duplicaron. Asimismo alert\u00f3 que la cuesti\u00f3n puede empeorar.<\/p>\n","protected":false},"author":2,"featured_media":78666,"comment_status":"closed","ping_status":"closed","sticky":false,"template":"","format":"standard","meta":{"footnotes":""},"categories":[4],"tags":[10],"class_list":["post-78665","post","type-post","status-publish","format-standard","has-post-thumbnail","hentry","category-informe-politico","tag-santa-fe"],"_links":{"self":[{"href":"http:\/\/argentinamunicipal.com.ar\/argentina\/wp-json\/wp\/v2\/posts\/78665","targetHints":{"allow":["GET"]}}],"collection":[{"href":"http:\/\/argentinamunicipal.com.ar\/argentina\/wp-json\/wp\/v2\/posts"}],"about":[{"href":"http:\/\/argentinamunicipal.com.ar\/argentina\/wp-json\/wp\/v2\/types\/post"}],"author":[{"embeddable":true,"href":"http:\/\/argentinamunicipal.com.ar\/argentina\/wp-json\/wp\/v2\/users\/2"}],"replies":[{"embeddable":true,"href":"http:\/\/argentinamunicipal.com.ar\/argentina\/wp-json\/wp\/v2\/comments?post=78665"}],"version-history":[{"count":0,"href":"http:\/\/argentinamunicipal.com.ar\/argentina\/wp-json\/wp\/v2\/posts\/78665\/revisions"}],"wp:featuredmedia":[{"embeddable":true,"href":"http:\/\/argentinamunicipal.com.ar\/argentina\/wp-json\/wp\/v2\/media\/78666"}],"wp:attachment":[{"href":"http:\/\/argentinamunicipal.com.ar\/argentina\/wp-json\/wp\/v2\/media?parent=78665"}],"wp:term":[{"taxonomy":"category","embeddable":true,"href":"http:\/\/argentinamunicipal.com.ar\/argentina\/wp-json\/wp\/v2\/categories?post=78665"},{"taxonomy":"post_tag","embeddable":true,"href":"http:\/\/argentinamunicipal.com.ar\/argentina\/wp-json\/wp\/v2\/tags?post=78665"}],"curies":[{"name":"wp","href":"https:\/\/api.w.org\/{rel}","templated":true}]}}