{"id":78678,"date":"2018-07-03T07:03:24","date_gmt":"2018-07-03T10:03:24","guid":{"rendered":"http:\/\/argentinamunicipal.com.ar\/argentina\/?p=78678"},"modified":"2018-07-03T07:03:24","modified_gmt":"2018-07-03T10:03:24","slug":"alimentos-por-las-nubes","status":"publish","type":"post","link":"http:\/\/argentinamunicipal.com.ar\/argentina\/alimentos-por-las-nubes\/","title":{"rendered":"Alimentos por las nubes"},"content":{"rendered":"<p>El costo de la canasta de productos alimenticios que releva la asociaci\u00f3n Consumidores Libres registr\u00f3 en junio un aumento de 3,2 por ciento, con lo que acumula en el a\u00f1o un alza de 13,7 por ciento. La entidad de defensa al consumidor que conduce el abogado H\u00e9ctor Polino inform\u00f3 que el relevamiento entre supermercados y negocios minoristas de la ciudad de Buenos Aires evidencia una fuerte aceleraci\u00f3n de la inflaci\u00f3n. En junio del a\u00f1o pasado el aumento de la misma canasta b\u00e1sica de alimentos fue de 1,2 por ciento y el acumulado desde el 1 de enero hab\u00eda sido del 8,9 por ciento. Los principales aumentos durante junio fueron para el kilo de tomate perita, con un alza de 42,7 por ciento, seguido por la acelga (14,8), harina 0000 (13,8) y aceite cocinero de 1,5 litros (12,6). En baja se vendieron en junio el kilo de naranja, con una rebaja de 19,1 por ciento, papa negra (-8,4), manzana (-8,1) y pollo (-3,2).<\/p>\n<h6>Fuente: P\u00e1gina 12<\/h6>\n","protected":false},"excerpt":{"rendered":"<p>El costo de la canasta de productos alimenticios que releva la asociaci\u00f3n Consumidores Libres registr\u00f3 en junio un aumento de 3,2 por ciento, con lo que acumula en el a\u00f1o un alza de 13,7 por ciento. <\/p>\n","protected":false},"author":2,"featured_media":78679,"comment_status":"closed","ping_status":"closed","sticky":false,"template":"","format":"standard","meta":{"footnotes":""},"categories":[8],"tags":[],"class_list":["post-78678","post","type-post","status-publish","format-standard","has-post-thumbnail","hentry","category-informe-nacional"],"_links":{"self":[{"href":"http:\/\/argentinamunicipal.com.ar\/argentina\/wp-json\/wp\/v2\/posts\/78678","targetHints":{"allow":["GET"]}}],"collection":[{"href":"http:\/\/argentinamunicipal.com.ar\/argentina\/wp-json\/wp\/v2\/posts"}],"about":[{"href":"http:\/\/argentinamunicipal.com.ar\/argentina\/wp-json\/wp\/v2\/types\/post"}],"author":[{"embeddable":true,"href":"http:\/\/argentinamunicipal.com.ar\/argentina\/wp-json\/wp\/v2\/users\/2"}],"replies":[{"embeddable":true,"href":"http:\/\/argentinamunicipal.com.ar\/argentina\/wp-json\/wp\/v2\/comments?post=78678"}],"version-history":[{"count":0,"href":"http:\/\/argentinamunicipal.com.ar\/argentina\/wp-json\/wp\/v2\/posts\/78678\/revisions"}],"wp:featuredmedia":[{"embeddable":true,"href":"http:\/\/argentinamunicipal.com.ar\/argentina\/wp-json\/wp\/v2\/media\/78679"}],"wp:attachment":[{"href":"http:\/\/argentinamunicipal.com.ar\/argentina\/wp-json\/wp\/v2\/media?parent=78678"}],"wp:term":[{"taxonomy":"category","embeddable":true,"href":"http:\/\/argentinamunicipal.com.ar\/argentina\/wp-json\/wp\/v2\/categories?post=78678"},{"taxonomy":"post_tag","embeddable":true,"href":"http:\/\/argentinamunicipal.com.ar\/argentina\/wp-json\/wp\/v2\/tags?post=78678"}],"curies":[{"name":"wp","href":"https:\/\/api.w.org\/{rel}","templated":true}]}}