{"id":787,"date":"2014-02-12T18:53:36","date_gmt":"2014-02-12T21:53:36","guid":{"rendered":"http:\/\/argentinamunicipal.com.ar\/argentina\/?p=787"},"modified":"2014-02-12T18:53:36","modified_gmt":"2014-02-12T21:53:36","slug":"bariloche-avanza-en-la-promocion-de-la-agricultura-urbana","status":"publish","type":"post","link":"http:\/\/argentinamunicipal.com.ar\/argentina\/bariloche-avanza-en-la-promocion-de-la-agricultura-urbana\/","title":{"rendered":"Bariloche avanza en la promoci\u00f3n de la agricultura urbana"},"content":{"rendered":"<div id=\"attachment_788\" style=\"width: 650px\" class=\"wp-caption aligncenter\"><a href=\"http:\/\/argentinamunicipal.com.ar\/argentina\/wp-content\/uploads\/2014\/02\/1392173690.jpg\"><img loading=\"lazy\" decoding=\"async\" aria-describedby=\"caption-attachment-788\" class=\"size-full wp-image-788\" alt=\"El vivero municipal ya tiene plantines de lechuga, albahaca, perejil, repollo, tomate, acelga y pimientos \" src=\"http:\/\/argentinamunicipal.com.ar\/argentina\/wp-content\/uploads\/2014\/02\/1392173690.jpg\" width=\"640\" height=\"480\" srcset=\"http:\/\/argentinamunicipal.com.ar\/argentina\/wp-content\/uploads\/2014\/02\/1392173690.jpg 640w, http:\/\/argentinamunicipal.com.ar\/argentina\/wp-content\/uploads\/2014\/02\/1392173690-300x225.jpg 300w\" sizes=\"auto, (max-width: 640px) 100vw, 640px\" \/><\/a><p id=\"caption-attachment-788\" class=\"wp-caption-text\">El vivero municipal ya tiene plantines de lechuga, albahaca, perejil, repollo, tomate, acelga y pimientos<\/p><\/div>\n<p>Los primeros plantines ya fueron transplantados en el recientemente culminado invern\u00e1culo, donde se realizar\u00e1n las pr\u00e1cticas para promover la agricultura familiar para el autoconsumo y la comercializaci\u00f3n de excedentes. Ya se realizan talleres sobre huertas y manejo de riego en distintos barrios, y la cooperativa ATDI construye el sal\u00f3n de capacitaci\u00f3n y el galp\u00f3n en el vivero municipal, donde tambi\u00e9n se producir\u00e1n especies para el embellecimiento de la ciudad.<\/p>\n<p>El martes, la intendenta Mar\u00eda Eugenia Martini recorri\u00f3 el lugar junto a la Secretaria de Desarrollo Rural y Agricultura Familiar de la Naci\u00f3n, Carla Campos Bilbao<\/p>\n<p>Plantines de lechuga, albahaca, perejil, repollo, tomate, acelga y pimientos se transplantaron para comenzar a producir en el invern\u00e1culo construido con sistema de riego por goteo, para las pr\u00e1cticas en el vivero municipal, en el marco de un programa impulsado por la Secretar\u00eda de Desarrollo Econ\u00f3mico del Gobierno municipal, que cuenta con una inversi\u00f3n de 1,5 millones de pesos del Ministerio de Agricultura Ganader\u00eda y Pesca de la Naci\u00f3n de la Secretar\u00eda de Desarrollo Rural y Agricultura Familiar de la Naci\u00f3n. Y 350 mil pesos de las arcas municipales.<\/p>\n<p>Martini y Campos Bilbao, acompa\u00f1adas por el legislador C\u00e9sar Miguel y el secretario y subsecretario de Desarrollo Econ\u00f3mico, Fernando Del Campo y Sebasti\u00e1n Terrero, supervisaron el estado de avance de las obras, ya que se proyecta en el lugar la edificaci\u00f3n de un dep\u00f3sito y un sal\u00f3n de capacitaci\u00f3n con capacidad para cincuenta personas, con ba\u00f1o y cocina. Las obras estar\u00edan culminadas antes de la pr\u00f3xima veda invernal.<\/p>\n<p>Paralelamente, junto a t\u00e9cnicos del INTA Pro Huertas, se est\u00e1n realizando en distintas zonas de la ciudad talleres para promover la agricultura familiar y capacitar a los vecinos en el manejo del riego.<\/p>\n<p>Los trabajadores de la Cooperativa ATDI, del Programa Argentina Trabaja, acondicionaron el lugar, refaccionaron el alambrado y sanearon el canal desde donde se bombea el agua necesaria para el riego. Tambi\u00e9n construyeron el invern\u00e1culo y est\u00e1n comenzando con los encadenados del futuro sal\u00f3n de capacitaci\u00f3n.<\/p>\n<p>El Centro Demostrativo y de Capacitaci\u00f3n de la Agricultura Urbana y Periurbana tiene como finalidad organizar el consumo cr\u00edtico, solidario y colectivo, favoreciendo la conformaci\u00f3n de redes de producci\u00f3n, comercializaci\u00f3n y consumo solidario; y la promoci\u00f3n de la agricultura familiar que estimule la producci\u00f3n de alimentos para el autoconsumo y la comercializaci\u00f3n de excedentes.<\/p>\n<pre>Fuente: El Ciudadano Bariloche<\/pre>\n","protected":false},"excerpt":{"rendered":"<p>Los primeros plantines ya fueron transplantados en el recientemente culminado invern\u00e1culo, donde se realizar\u00e1n las pr\u00e1cticas para promover la agricultura familiar para el autoconsumo y la comercializaci\u00f3n de excedentes. Ya se realizan talleres sobre huertas y manejo de riego en distintos barrios, y la cooperativa ATDI construye el sal\u00f3n de capacitaci\u00f3n y el galp\u00f3n en<\/p>\n","protected":false},"author":1,"featured_media":788,"comment_status":"closed","ping_status":"closed","sticky":false,"template":"","format":"standard","meta":{"footnotes":""},"categories":[2],"tags":[11],"class_list":["post-787","post","type-post","status-publish","format-standard","has-post-thumbnail","hentry","category-informe-municipal","tag-rio-negro"],"_links":{"self":[{"href":"http:\/\/argentinamunicipal.com.ar\/argentina\/wp-json\/wp\/v2\/posts\/787","targetHints":{"allow":["GET"]}}],"collection":[{"href":"http:\/\/argentinamunicipal.com.ar\/argentina\/wp-json\/wp\/v2\/posts"}],"about":[{"href":"http:\/\/argentinamunicipal.com.ar\/argentina\/wp-json\/wp\/v2\/types\/post"}],"author":[{"embeddable":true,"href":"http:\/\/argentinamunicipal.com.ar\/argentina\/wp-json\/wp\/v2\/users\/1"}],"replies":[{"embeddable":true,"href":"http:\/\/argentinamunicipal.com.ar\/argentina\/wp-json\/wp\/v2\/comments?post=787"}],"version-history":[{"count":0,"href":"http:\/\/argentinamunicipal.com.ar\/argentina\/wp-json\/wp\/v2\/posts\/787\/revisions"}],"wp:featuredmedia":[{"embeddable":true,"href":"http:\/\/argentinamunicipal.com.ar\/argentina\/wp-json\/wp\/v2\/media\/788"}],"wp:attachment":[{"href":"http:\/\/argentinamunicipal.com.ar\/argentina\/wp-json\/wp\/v2\/media?parent=787"}],"wp:term":[{"taxonomy":"category","embeddable":true,"href":"http:\/\/argentinamunicipal.com.ar\/argentina\/wp-json\/wp\/v2\/categories?post=787"},{"taxonomy":"post_tag","embeddable":true,"href":"http:\/\/argentinamunicipal.com.ar\/argentina\/wp-json\/wp\/v2\/tags?post=787"}],"curies":[{"name":"wp","href":"https:\/\/api.w.org\/{rel}","templated":true}]}}