{"id":78742,"date":"2018-07-04T06:55:53","date_gmt":"2018-07-04T09:55:53","guid":{"rendered":"http:\/\/argentinamunicipal.com.ar\/argentina\/?p=78742"},"modified":"2018-07-04T06:55:53","modified_gmt":"2018-07-04T09:55:53","slug":"a-grandes-si-a-chicos-no","status":"publish","type":"post","link":"http:\/\/argentinamunicipal.com.ar\/argentina\/a-grandes-si-a-chicos-no\/","title":{"rendered":"A grandes s\u00ed, a chicos no"},"content":{"rendered":"<p>Macri confirm\u00f3 la rebaja gradual de retenciones a la soja. Al reclamo por la crisis de tamberos y criadores de cerdos, el Gobierno respondi\u00f3 que son \u201cineficientes que viv\u00edan del subsidio oficial\u201d.<\/p>\n<p>Las cuatro entidades que conforman la mesa de enlace agropecuaria se reunieron ayer con el presidente, Mauricio Macri, en un encuentro pedido hace m\u00e1s de un mes, cuando el d\u00f3lar estaba a 25 pesos. Tres entidades salieron conformes y celebraron la respuesta del jefe de Estado: el esquema actual de retenciones a las exportaciones no se toca, pese a la brutal suba del tipo de cambio en lo que va del a\u00f1o, manteni\u00e9ndose entonces la rebaja de medio punto mensual hasta fines de 2019. La cuarta, en cambio, no tuvo respuesta a ninguno de sus planteos. La situaci\u00f3n provocada por el aumento de tasas, tarifazos y suba de importaciones, que afectan la realidad diaria de peque\u00f1os productores, no tendr\u00e1 modificaciones ni contemplaciones en medidas de gobierno. \u201cHay quienes dicen que la devaluaci\u00f3n beneficia al sector; en el caso de los productores de Federaci\u00f3n Agraria, esto no es necesariamente as\u00ed\u201d, se\u00f1al\u00f3 Omar Pr\u00edncipe al t\u00e9rmino de la reuni\u00f3n. \u201cNo todos producimos commodities, la gran mayor\u00eda lo hacemos para el mercado interno, que est\u00e1 muy deprimido por la p\u00e9rdida de poder adquisitivo del salario y la creciente importaci\u00f3n\u201d, sostuvo, diferenci\u00e1ndose de las muestras de satisfacci\u00f3n expresadas por los titulares de Sociedad Rural, Confederaciones Rurales y Coninagro.<\/p>\n<p>Daniel Pelegrina, Dardo Chiesa y Carlos Iannizzotto, sus respectivos titulares, no ocultaban su entusiasmo al salir de la reuni\u00f3n. \u201cEscuchar del propio Presidente, la voz oficial del tema de las retenciones, ratificar que no va a haber ninguna variaci\u00f3n fue una gran noticia, porque esto nos da un gran respaldo para que el campo siga invirtiendo, trabajando, dando empleo, como lo viene haciendo\u201d, celebr\u00f3 Iannizzotto, de Coninagro. \u201cFue una buena reuni\u00f3n, distendida: el Presidente ratific\u00f3 el rumbo, dijo que no hay ning\u00fan cambio y el cronograma sigue tal cual est\u00e1, que no es intenci\u00f3n del Gobierno cambiar ninguna regla\u201d, resumi\u00f3 por su parte Chiesa, de CRA. El trigo y el ma\u00edz, a los cuales se les elimin\u00f3 las retenciones en 2016, mantendr\u00e1n el mismo tratamiento, mientras que para el poroto de soja, con una retenci\u00f3n del 26,5 por ciento en julio, sigue el cronograma de reducciones pautadas de medio punto por mes, hasta llegar al 18 por ciento en diciembre de 2019.<\/p>\n<p>La reuni\u00f3n hab\u00eda sido solicitada \u00a0el 24 de mayo, cuando por la corrida cambiaria y el espectacular salto del d\u00f3lar arreciaban las versiones de que se dejar\u00eda sin efecto la reducci\u00f3n de retenciones a la soja, Nicol\u00e1s Dujovne daba a entender que la medida estaba a estudio y el ministro de Agroindustira, Miguel Etchevehere, aparec\u00eda debilitado en la interna del gobierno y su palabra ofrec\u00eda poco como garant\u00eda. Cuarenta d\u00edas despu\u00e9s, no s\u00f3lo la corrida sigui\u00f3 su camino, sino que la situaci\u00f3n econ\u00f3mica se sumergi\u00f3 en una crisis y depresi\u00f3n que s\u00f3lo el ministro de Hacienda desconoce. Federaci\u00f3n Agraria sum\u00f3 a la demanda en defensa de los agroexportadores, la preocupaci\u00f3n por quienes producen para el mercado interno. S\u00f3lo para los primeros hubo respuesta.<\/p>\n<p>Del encuentro tambi\u00e9n participaron el ministro Etchevehere, y su jefe de asesores, Santiago del Solar. En un momento de la reuni\u00f3n, tras allanarse la cuesti\u00f3n de las retenciones, Pr\u00edncipe plante\u00f3 que tambi\u00e9n exist\u00eda inquietud por la situaci\u00f3n de peque\u00f1os productores y agricultores familiares. Reclam\u00f3 la reglamentaci\u00f3n pendiente de la Ley de Agricultura Familiar y relat\u00f3, en particular, la situaci\u00f3n de los tamberos y de los productores de cerdos, que como resultado de los aumentos en los insumos (muchos de ellos dolarizados), el gasoil, las tarifas energ\u00e9ticas y el alto costo de financiamiento, \u201csuman p\u00e9rdidas a diario\u201d. Afectados, adem\u00e1s, por un mercado deprimido por la baja del consumo y la participaci\u00f3n creciente de la importaci\u00f3n, como en el caso de la carne de cerdo de origen estadounidense.<\/p>\n<p>Ante cierta expresi\u00f3n de asombro del Presidente, tom\u00f3 la palabra el jefe de asesores Del Solar, quien le explic\u00f3 que \u201cestos productores antes ten\u00edan fuertes subsidios, pero cuando dejaron de recibirlos qued\u00f3 en evidencia que eran ineficientes; si no se reconvierten, no podr\u00e1n seguir en actividad\u201d. Los gestos de consentimiento y el silencio de los otros tres integrantes de la Mesa dejaron en soledad el reclamo del titular de Federaci\u00f3n Agraria.<\/p>\n<h6>Fuente: P\u00e1gina 12<\/h6>\n","protected":false},"excerpt":{"rendered":"<p>Macri confirm\u00f3 la rebaja gradual de retenciones a la soja. Al reclamo por la crisis de tamberos y criadores de cerdos, el Gobierno respondi\u00f3 que son \u201cineficientes que viv\u00edan del subsidio oficial\u201d.<\/p>\n","protected":false},"author":2,"featured_media":78743,"comment_status":"closed","ping_status":"closed","sticky":false,"template":"","format":"standard","meta":{"footnotes":""},"categories":[8],"tags":[21],"class_list":["post-78742","post","type-post","status-publish","format-standard","has-post-thumbnail","hentry","category-informe-nacional","tag-argentina"],"_links":{"self":[{"href":"http:\/\/argentinamunicipal.com.ar\/argentina\/wp-json\/wp\/v2\/posts\/78742","targetHints":{"allow":["GET"]}}],"collection":[{"href":"http:\/\/argentinamunicipal.com.ar\/argentina\/wp-json\/wp\/v2\/posts"}],"about":[{"href":"http:\/\/argentinamunicipal.com.ar\/argentina\/wp-json\/wp\/v2\/types\/post"}],"author":[{"embeddable":true,"href":"http:\/\/argentinamunicipal.com.ar\/argentina\/wp-json\/wp\/v2\/users\/2"}],"replies":[{"embeddable":true,"href":"http:\/\/argentinamunicipal.com.ar\/argentina\/wp-json\/wp\/v2\/comments?post=78742"}],"version-history":[{"count":0,"href":"http:\/\/argentinamunicipal.com.ar\/argentina\/wp-json\/wp\/v2\/posts\/78742\/revisions"}],"wp:featuredmedia":[{"embeddable":true,"href":"http:\/\/argentinamunicipal.com.ar\/argentina\/wp-json\/wp\/v2\/media\/78743"}],"wp:attachment":[{"href":"http:\/\/argentinamunicipal.com.ar\/argentina\/wp-json\/wp\/v2\/media?parent=78742"}],"wp:term":[{"taxonomy":"category","embeddable":true,"href":"http:\/\/argentinamunicipal.com.ar\/argentina\/wp-json\/wp\/v2\/categories?post=78742"},{"taxonomy":"post_tag","embeddable":true,"href":"http:\/\/argentinamunicipal.com.ar\/argentina\/wp-json\/wp\/v2\/tags?post=78742"}],"curies":[{"name":"wp","href":"https:\/\/api.w.org\/{rel}","templated":true}]}}