{"id":78745,"date":"2018-07-04T07:06:22","date_gmt":"2018-07-04T10:06:22","guid":{"rendered":"http:\/\/argentinamunicipal.com.ar\/argentina\/?p=78745"},"modified":"2018-07-04T07:06:22","modified_gmt":"2018-07-04T10:06:22","slug":"78745-2","status":"publish","type":"post","link":"http:\/\/argentinamunicipal.com.ar\/argentina\/78745-2\/","title":{"rendered":"Contra Macri y el Fondo"},"content":{"rendered":"<p>Es el tercer encuentro de este sector y se realizar\u00e1 en la Uni\u00f3n Ferroviaria. Participar\u00e1n la UOM, Smata, el Movimiento de Acci\u00f3n Sindical Argentino, la Corriente Federal y gremios que responden a Hugo Moyano.<\/p>\n<p>Ser dialoguistas o combativos suele ser la forma, un tanto reduccionista, de describir los perfiles que pugnan por hacerse de la futura conducci\u00f3n de la CGT. De alguna manera, la disputa se centra en definir el lugar desde d\u00f3nde ubicarse frente a un Gobierno que aplica un modelo econ\u00f3mico que destroza los avances que tuvo la Argentina en cuanto a protecci\u00f3n del trabajo y, sobre todo, de los trabajadores. Hoy, por caso, un grupo de sindicatos que busca darle a la central obrera una posici\u00f3n de mayor fortaleza frente a la Casa Rosada volver\u00e1 a reunirse. Nuevamente ser\u00e1 en la Uni\u00f3n Ferroviaria y participar\u00e1n los poderosos gremios de la UOM y Smata, m\u00e1s el MASA, la Corriente Federal de los Trabajadores y una representaci\u00f3n ampliada del sector que lidera camioneros que, adem\u00e1s, puede incluir la presencia de Hugo o Pablo Moyano.<\/p>\n<p>Este ser\u00e1 el tercer encuentro del grupo que, al menos por ahora, no tiene nombre que lo identifique. Los organizadores esperan que crezca en n\u00famero ya que el primero tuvo ocho participantes y el segundo lleg\u00f3 a 18. En esa segunda reuni\u00f3n particip\u00f3 el titular del gremio de Canillitas, Omar Plaini. No fue a t\u00edtulo personal sino representando al grupo que lidera Hugo Moyano que marc\u00f3 el acercamiento entre estos dos grupos que en otros momentos pol\u00edticos estuvieron en veredas opuestas. Sin embargo lo que los une ahora, tal como confi\u00f3 uno de los dirigentes sindicales, \u201cnos une el rechazo a las pol\u00edticas de (Mauricio) Macri y el FMI\u201d.<\/p>\n<p>Para la reuni\u00f3n que se realizar\u00e1 poco antes del mediod\u00eda en la Uni\u00f3n Ferroviaria que lidera Sergio Sasia la representaci\u00f3n de los gremios aliados a Camioneros ser\u00e1 mayor pero, adem\u00e1s, es muy probable que alguno de los Moyano se acerque a la sede ferroviaria. La intenci\u00f3n es demostrar que este espacio crece, que se suman gremios que intentar conducir la CGT para confrontar las pol\u00edticas del Gobierno nacional. \u201cNadie negocia con d\u00e9biles\u201d, repite de manera incansable Pablo Bir\u00f3 (piloto de aviones) cuando justifica el necesario cambio de la conducci\u00f3n cegetista y, sobre todo, del perfil de la central sindical.<\/p>\n<p>Hay un dato m\u00e1s que da cuenta del acercamiento con Camioneros y es que ayer uno de los promotores del grupo que se re\u00fane en UF, el titular de Smata, Ricardo Pignanelli, mantuvo un encuentro con Moyano padre. Si bien entre ambos hay un pasado de distanciamiento y resquemores, la destrucci\u00f3n de la econom\u00eda que perjudica a sus afiliados los termina por hermanar. A partir de esa conversaci\u00f3n es que surgi\u00f3 la posibilidad de que alguno de los que conducen el sindicato de Camioneros participe de la reuni\u00f3n de hoy.<\/p>\n<p>\u201cNos acerca la lucha contra las pol\u00edticas neoliberales del Gobierno pero tambi\u00e9n la conducta de los actuales triunviros\u201d, reconoci\u00f3 a este diario uno de los hombres cercanos al camionero. La referencia a los triunviros es por la teleconferencia que H\u00e9ctor Daer, Juan Carlos Schmid y Carlos Acu\u00f1a mantuvieron con funcionarios del Fondo Monetario junto a Gerardo Mart\u00ednez (Uocra) a trav\u00e9s de la Central Sindical Internacional (CSI). Supuestamente estos funcionarios le dieron el visto bueno para que los triunviros negocien con el Gobierno \u201cuna salvaguarda al empleo\u201d. Para el moyanismo esta actitud fue considera como lo m\u00e1s parecida a la sumisi\u00f3n.<\/p>\n<p>Mientras tanto, entre los sectores conocidos como gordos e independientes crece la idea de suspender el congreso del 22 de agosto pr\u00f3ximo. Estiman que el \u00e9xito del paro del 25 de junio le dio ox\u00edgeno a los triunviros para cumplir con los dos a\u00f1os de mandato que restan. Ahora bien, si esta idea no prospera y el congreso de agosto igual se convoca, impulsar\u00e1n la nominaci\u00f3n de otro triunvirato. \u201cNo queremos el retorno del unicato\u201d, asegur\u00f3 a P\u00e1ginaI12 uno de los representantes de los independientes.<\/p>\n<p>El formato colegiado fue la opci\u00f3n que hace dos a\u00f1os acept\u00f3 para unificar el movimiento obrero que hasta 2016 estaba segmentado en tres sellos que ten\u00edan la sigla CGT. Sin embargo, no dio resultado porque a poco de andar se demostr\u00f3 que era una unidad formal y la ausencia de un plan de lucha o program\u00e1tico m\u00e1s las luchas internas impidieron que la CGT pudiese contrarrestar aunque sea solo una de las pol\u00edticas del Gobierno.<\/p>\n<h6>Fuente: P\u00e1gina 12<\/h6>\n","protected":false},"excerpt":{"rendered":"<p>Es el tercer encuentro de este sector y se realizar\u00e1 en la Uni\u00f3n Ferroviaria. Participar\u00e1n la UOM, Smata, el Movimiento de Acci\u00f3n Sindical Argentino, la Corriente Federal y gremios que responden a Hugo Moyano.<\/p>\n","protected":false},"author":2,"featured_media":78746,"comment_status":"closed","ping_status":"closed","sticky":false,"template":"","format":"standard","meta":{"footnotes":""},"categories":[8],"tags":[21],"class_list":["post-78745","post","type-post","status-publish","format-standard","has-post-thumbnail","hentry","category-informe-nacional","tag-argentina"],"_links":{"self":[{"href":"http:\/\/argentinamunicipal.com.ar\/argentina\/wp-json\/wp\/v2\/posts\/78745","targetHints":{"allow":["GET"]}}],"collection":[{"href":"http:\/\/argentinamunicipal.com.ar\/argentina\/wp-json\/wp\/v2\/posts"}],"about":[{"href":"http:\/\/argentinamunicipal.com.ar\/argentina\/wp-json\/wp\/v2\/types\/post"}],"author":[{"embeddable":true,"href":"http:\/\/argentinamunicipal.com.ar\/argentina\/wp-json\/wp\/v2\/users\/2"}],"replies":[{"embeddable":true,"href":"http:\/\/argentinamunicipal.com.ar\/argentina\/wp-json\/wp\/v2\/comments?post=78745"}],"version-history":[{"count":0,"href":"http:\/\/argentinamunicipal.com.ar\/argentina\/wp-json\/wp\/v2\/posts\/78745\/revisions"}],"wp:featuredmedia":[{"embeddable":true,"href":"http:\/\/argentinamunicipal.com.ar\/argentina\/wp-json\/wp\/v2\/media\/78746"}],"wp:attachment":[{"href":"http:\/\/argentinamunicipal.com.ar\/argentina\/wp-json\/wp\/v2\/media?parent=78745"}],"wp:term":[{"taxonomy":"category","embeddable":true,"href":"http:\/\/argentinamunicipal.com.ar\/argentina\/wp-json\/wp\/v2\/categories?post=78745"},{"taxonomy":"post_tag","embeddable":true,"href":"http:\/\/argentinamunicipal.com.ar\/argentina\/wp-json\/wp\/v2\/tags?post=78745"}],"curies":[{"name":"wp","href":"https:\/\/api.w.org\/{rel}","templated":true}]}}