{"id":78748,"date":"2018-07-04T07:08:55","date_gmt":"2018-07-04T10:08:55","guid":{"rendered":"http:\/\/argentinamunicipal.com.ar\/argentina\/?p=78748"},"modified":"2018-07-04T07:08:55","modified_gmt":"2018-07-04T10:08:55","slug":"la-industria-en-picada-advierten-que-la-gente-come-menos-y-que-trabajan-al-60-de-su-capacidad","status":"publish","type":"post","link":"http:\/\/argentinamunicipal.com.ar\/argentina\/la-industria-en-picada-advierten-que-la-gente-come-menos-y-que-trabajan-al-60-de-su-capacidad\/","title":{"rendered":"La industria en picada: advierten que la gente come menos y que trabajan al 60% de su capacidad"},"content":{"rendered":"<p>Por la crisis, uno de los vicepresidentes de la Uni\u00f3n Industrial Argentina (UIA), Daniel Funes de Rioja, advirti\u00f3 que hay \u00abretracci\u00f3n del consumo\u00bb de alimentos.<\/p>\n<p>Daniel Funes de Rioja, uno de los vicepresidentes de la\u00a0Uni\u00f3n Industrial Argentina (UIA), advirti\u00f3 hoy que hay una \u00abretracci\u00f3n del consumo\u00bb de alimentos y esto hace que las f\u00e1bricas est\u00e9n \u00abtrabajando como m\u00e1ximo al 60%\u00bb de su capacidad instalada.<\/p>\n<p>\u00abEvidentemente el momento es complicado y la visi\u00f3n empresarial es que aspiramos a que esta complejidad sea lo m\u00e1s corta posible\u00bb, dijo el empresario, quien tambi\u00e9n es presidente de la\u00a0Coordinadora de las Industrias de Productos Alimenticios (Copal).<br \/>\nEl empresario analiz\u00f3 as\u00ed el impacto de la crisis cambiaria en la econom\u00eda real y admiti\u00f3 que los empresarios saben que hay un contexto internacional complejo que genera volatilidad con distinto impacto en los pa\u00edses.<\/p>\n<p>Estim\u00f3 que a la Argentina esa\u00a0volatilidad le ha pegado fuerte\u00a0por su trayectoria de \u00abincumplimientos, default e inestabilidad macroecon\u00f3micas\u00bb.<\/p>\n<p>\u00abEfectivamente est\u00e1 repercutiendo (en la econom\u00eda real). Estas tasas de inter\u00e9s (superiores al 40%) son verdaderamente imposibles de afrontar para el sistema productivo en una econom\u00eda normal\u00bb, sostuvo el tambi\u00e9n presidente del cap\u00edtulo empresarial del G20.<\/p>\n<p>El empresario revel\u00f3 que la Copal se encuentra en plena discusi\u00f3n sobre\u00a0las econom\u00edas regionales,\u00a0porque si bien ahora tienen un tipo de cambio favorable lo que no tiene es capital de trabajo.<\/p>\n<p>\u00abHay que afrontar sueldos, aguinaldos, incrementos salariales, ajustes de tarifas, pero no hay acceso al cr\u00e9dito y las pymes y las econom\u00eda regionales se mueven sobre la base del acceso al cr\u00e9dito\u00bb, advirti\u00f3 el empresario en declaraciones a\u00a0FM La Patriada.<br \/>\nIndic\u00f3 que tambi\u00e9n afecta al sector la presi\u00f3n fiscal superior al 40% para los alimentos y mayor al 50% para las bebidas.<\/p>\n<p>Eso, dijo Funes de Rioja, tiene un doble efecto porque por un lado eleva los precios y complica el consumo: \u00abDestacamos que en materia de alimentos\u00a0hay una retracci\u00f3n del consumo y esto hace que estemos trabajando como m\u00e1ximo al 60% de la capacidad instalada\u00bb.<\/p>\n<p>Y, en segundo lugar, el empresario se\u00f1al\u00f3 que el otro factor que est\u00e1 impactando negativamente en el sector alimenticio es \u00abla gran informalidad\u00bb, porque hay trabajo en negro y gente que no paga impuestos en un mercado no registrado que compite en forma desleal.<\/p>\n<p>\u00abQue la gente come menos puede ser, no lo puedo afirmar.\u00a0Pero lo concreto es que hay alimentos de marcas truchas que circulan y compiten con la econom\u00eda formal, que espera con ansiedad la baja de los impuestos para que mejore el consumo y para terminar con la competencia desleal\u00bb, sostuvo el empresario.<\/p>\n<p>Funes de Rioja indic\u00f3 que todas estas cuestiones van en cadena y ayer fueron planteadas al ministro de Agroindustria, Luis Miguel Etchevehere, para ir discutiendo las realidades productiva, fiscal y laboral.<\/p>\n<p>Tambi\u00e9n dijo que los empresarios aspiran a que la Reforma Impositiva no se postergue y se aplique, para que haya una disminuci\u00f3n del impuesto a los Ingresos Brutos en las provincias.<\/p>\n<h6>Fuente: InfoNews<\/h6>\n","protected":false},"excerpt":{"rendered":"<p>Por la crisis, uno de los vicepresidentes de la Uni\u00f3n Industrial Argentina (UIA), Daniel Funes de Rioja, advirti\u00f3 que hay \u00abretracci\u00f3n del consumo\u00bb de alimentos.<\/p>\n","protected":false},"author":2,"featured_media":78749,"comment_status":"closed","ping_status":"closed","sticky":false,"template":"","format":"standard","meta":{"footnotes":""},"categories":[8],"tags":[21],"class_list":["post-78748","post","type-post","status-publish","format-standard","has-post-thumbnail","hentry","category-informe-nacional","tag-argentina"],"_links":{"self":[{"href":"http:\/\/argentinamunicipal.com.ar\/argentina\/wp-json\/wp\/v2\/posts\/78748","targetHints":{"allow":["GET"]}}],"collection":[{"href":"http:\/\/argentinamunicipal.com.ar\/argentina\/wp-json\/wp\/v2\/posts"}],"about":[{"href":"http:\/\/argentinamunicipal.com.ar\/argentina\/wp-json\/wp\/v2\/types\/post"}],"author":[{"embeddable":true,"href":"http:\/\/argentinamunicipal.com.ar\/argentina\/wp-json\/wp\/v2\/users\/2"}],"replies":[{"embeddable":true,"href":"http:\/\/argentinamunicipal.com.ar\/argentina\/wp-json\/wp\/v2\/comments?post=78748"}],"version-history":[{"count":0,"href":"http:\/\/argentinamunicipal.com.ar\/argentina\/wp-json\/wp\/v2\/posts\/78748\/revisions"}],"wp:featuredmedia":[{"embeddable":true,"href":"http:\/\/argentinamunicipal.com.ar\/argentina\/wp-json\/wp\/v2\/media\/78749"}],"wp:attachment":[{"href":"http:\/\/argentinamunicipal.com.ar\/argentina\/wp-json\/wp\/v2\/media?parent=78748"}],"wp:term":[{"taxonomy":"category","embeddable":true,"href":"http:\/\/argentinamunicipal.com.ar\/argentina\/wp-json\/wp\/v2\/categories?post=78748"},{"taxonomy":"post_tag","embeddable":true,"href":"http:\/\/argentinamunicipal.com.ar\/argentina\/wp-json\/wp\/v2\/tags?post=78748"}],"curies":[{"name":"wp","href":"https:\/\/api.w.org\/{rel}","templated":true}]}}