{"id":78760,"date":"2018-07-04T07:26:36","date_gmt":"2018-07-04T10:26:36","guid":{"rendered":"http:\/\/argentinamunicipal.com.ar\/argentina\/?p=78760"},"modified":"2018-07-04T07:26:36","modified_gmt":"2018-07-04T10:26:36","slug":"el-concejo-rosarino-aprueba-manana-la-quita-de-tasa-municipal-en-la-boleta-del-gas","status":"publish","type":"post","link":"http:\/\/argentinamunicipal.com.ar\/argentina\/el-concejo-rosarino-aprueba-manana-la-quita-de-tasa-municipal-en-la-boleta-del-gas\/","title":{"rendered":"El Concejo rosarino aprueba ma\u00f1ana la quita de tasa municipal en la boleta del gas"},"content":{"rendered":"<p>La reducci\u00f3n del 10,6 por ciento en el monto facturado al cliente ser\u00e1 gradual y comenzar\u00e1 a regir desde el segundo bimestre de 2019.<\/p>\n<p>El proyecto para la reducci\u00f3n gradual de una tasa que la Municipalidad cobra en las boletas del gas se aprobar\u00e1 ma\u00f1ana en el recinto del Concejo despu\u00e9s de superar el filtro de la comisi\u00f3n de Gobierno. La quita del 10,6 por ciento de la contribuci\u00f3n que pagan los usuarios de Litoral Gas ser\u00e1 progresiva y comenzar\u00e1 a regir a partir del segundo bimestre de 2019.La propuesta original impulsada por el edil de Cambiemos, Roy L\u00f3pez Molina, contemplaba la eliminaci\u00f3n de todas las tasas de los servicios p\u00fablicos, pero despu\u00e9s de un acuerdo con el socialismo \u2014ambos votar\u00e1n el proyecto\u2014 se defini\u00f3 que se estableciera s\u00f3lo para la factura del gas.<\/p>\n<p>El interbloque peronista, Ciudad Futura y Celeste Lepratti (del Frente Social y Popular) se oponen al proyecto. El principal eje de las cr\u00edticas se centr\u00f3 en que este proyecto es la contrapartida de un acuerdo m\u00e1s global que arranc\u00f3 con la reciente aprobaci\u00f3n de la suba del techo impuesto para que la intendenta M\u00f3nica Fein aumente el valor del boleto. Tambi\u00e9n se quejaron por \u00abhaber dejado afuera\u00bb a todos los usuarios de garrafas y dijeron que en el Palacio Vasallo hay otros proyectos que deb\u00edan ser considerados.<\/p>\n<p><strong>Reuniones<\/strong><\/p>\n<p>La iniciativa pas\u00f3 la semana pasada por el tamiz de las comisiones de Presupuesto y Obras P\u00fablicas y ayer fue el turno de la comisi\u00f3n conducida por Mar\u00eda Eugenia Schmuck, que acompa\u00f1\u00f3 a Roy L\u00f3pez Molina y Gabriel Chumpitaz (Cambiemos), adem\u00e1s de Horacio Ghirardi (Frente Progresista) y as\u00ed arribar a la mayor\u00eda necesaria para que ma\u00f1ana llegue al recinto.<\/p>\n<p>El proyecto que se aprobar\u00e1 ma\u00f1ana prev\u00e9 una reducci\u00f3n de dos puntos porcentuales cada dos meses, a partir del segundo bimestre del a\u00f1o pr\u00f3ximo, en la factura del gas. As\u00ed, la primera boleta de 2019 a\u00fan incluir\u00e1 el 10,6 por ciento de impuesto municipal. En el segundo bimestre ser\u00e1 del 8 por ciento, en el tercero de 6 por ciento, en el cuarto de 4 por ciento, en el quinto de 2 por ciento y en el sexto del 0 por ciento.<\/p>\n<p>Seg\u00fan la ordenanza 5.295 de 1991, la Municipalidad percibe el cargo de un 10,6 por ciento en la factura de Litoral Gas por \u00abredes dentro del municipio\u00bb, pero nunca esos fondos se transformaron en obras y fueron a rentas generales.<\/p>\n<p>El beneficio para los usuarios tendr\u00e1 como contrapartida una p\u00e9rdida de recursos para el Estado municipal superior a los 100 millones de pesos, si se tiene en cuenta que el a\u00f1o pasado por este rubro se recaudaron 85 millones de pesos y falta incorporar el impacto del aumento de las tarifas de este a\u00f1o. Pero eso repercutir\u00e1 en su totalidad durante la gesti\u00f3n del intendente que asuma a partir del 10 de diciembre del a\u00f1o pr\u00f3ximo.<\/p>\n<p>El Ejecutivo municipal finalmente decidi\u00f3 apoyar el proyecto por varias razones. La principal es que logr\u00f3 la habilitaci\u00f3n para aumentar el boleto hasta un porcentaje m\u00e1s cercano al que arroja el estudio de costos del trasnporte urbano, con el objetivo de avanzar de alg\u00fan modo con el futuro servicio. Y porque los directivos de Litoral Gas ratificaron a la mandataria las inversiones para la expansi\u00f3n del servicio en los pr\u00f3ximos a\u00f1os. Adem\u00e1s, es una se\u00f1al a los usuarios.<\/p>\n<p>\u00abLo \u00fanico que hizo esta tasa municipal fue incrementar lo que el usuario paga, pero que nada tuvo que ver con el consumo del servicio que el cliente realiza en su casa. Es decir, cuando un vecino mira la boleta de Litoral Gas tiene un \u00edtem destinado a la Municipalidad, que fue pensado para un fondo de obra p\u00fablica que nunca se concret\u00f3\u00bb, asegur\u00f3 ayerL\u00f3pez Molina despu\u00e9s de la reuni\u00f3n de la comisi\u00f3n de Gobierno. \u00abQueremos que el beneficio sea para los usuarios, para las pymes, para las industrias\u00bb, agreg\u00f3.<\/p>\n<p>En tanto, la edila de Unidad Ciudadana, Marina Magnani, cuestion\u00f3 que \u00abno se incluya a las personas que consumen gas envasado\u00bb, y resalt\u00f3 que el acuerdo entre el oficialismo y Cambiemos provoca que \u00ablos rosarinos m\u00e1s vulnerables que deben pagar m\u00e1s el precio del boleto terminar\u00e1n financiando este acuerdo para bajar impuestos a sectores que est\u00e1n un poco mejor\u00bb.<\/p>\n<h6>Fuente: La Capital<\/h6>\n","protected":false},"excerpt":{"rendered":"<p>La reducci\u00f3n del 10,6 por ciento en el monto facturado al cliente ser\u00e1 gradual y comenzar\u00e1 a regir desde el segundo bimestre de 2019.<\/p>\n","protected":false},"author":2,"featured_media":78761,"comment_status":"closed","ping_status":"closed","sticky":false,"template":"","format":"standard","meta":{"footnotes":""},"categories":[4],"tags":[10],"class_list":["post-78760","post","type-post","status-publish","format-standard","has-post-thumbnail","hentry","category-informe-politico","tag-santa-fe"],"_links":{"self":[{"href":"http:\/\/argentinamunicipal.com.ar\/argentina\/wp-json\/wp\/v2\/posts\/78760","targetHints":{"allow":["GET"]}}],"collection":[{"href":"http:\/\/argentinamunicipal.com.ar\/argentina\/wp-json\/wp\/v2\/posts"}],"about":[{"href":"http:\/\/argentinamunicipal.com.ar\/argentina\/wp-json\/wp\/v2\/types\/post"}],"author":[{"embeddable":true,"href":"http:\/\/argentinamunicipal.com.ar\/argentina\/wp-json\/wp\/v2\/users\/2"}],"replies":[{"embeddable":true,"href":"http:\/\/argentinamunicipal.com.ar\/argentina\/wp-json\/wp\/v2\/comments?post=78760"}],"version-history":[{"count":0,"href":"http:\/\/argentinamunicipal.com.ar\/argentina\/wp-json\/wp\/v2\/posts\/78760\/revisions"}],"wp:featuredmedia":[{"embeddable":true,"href":"http:\/\/argentinamunicipal.com.ar\/argentina\/wp-json\/wp\/v2\/media\/78761"}],"wp:attachment":[{"href":"http:\/\/argentinamunicipal.com.ar\/argentina\/wp-json\/wp\/v2\/media?parent=78760"}],"wp:term":[{"taxonomy":"category","embeddable":true,"href":"http:\/\/argentinamunicipal.com.ar\/argentina\/wp-json\/wp\/v2\/categories?post=78760"},{"taxonomy":"post_tag","embeddable":true,"href":"http:\/\/argentinamunicipal.com.ar\/argentina\/wp-json\/wp\/v2\/tags?post=78760"}],"curies":[{"name":"wp","href":"https:\/\/api.w.org\/{rel}","templated":true}]}}