{"id":78805,"date":"2018-07-05T07:01:49","date_gmt":"2018-07-05T10:01:49","guid":{"rendered":"http:\/\/argentinamunicipal.com.ar\/argentina\/?p=78805"},"modified":"2018-07-05T07:01:49","modified_gmt":"2018-07-05T10:01:49","slug":"sin-autocritica-macri-defendio-su-gestion-e-insistio-con-que-esta-haciendo-bien-las-cosas","status":"publish","type":"post","link":"http:\/\/argentinamunicipal.com.ar\/argentina\/sin-autocritica-macri-defendio-su-gestion-e-insistio-con-que-esta-haciendo-bien-las-cosas\/","title":{"rendered":"Sin autocr\u00edtica: Macri defendi\u00f3 su gesti\u00f3n e insisti\u00f3 con que est\u00e1 haciendo \u00abbien\u00bb las cosas"},"content":{"rendered":"<p>En un acto en la ciudad chaque\u00f1a de Charata, el jefe de Estado lanz\u00f3 un pedido por la crisis a dirigentes pol\u00edticos, sindicales, empresarios y comunicadores. Volvi\u00f3 a culpar de la crisis a \u00ablo que pasa en el mundo\u00bb.<\/p>\n<p>El presidente Mauricio Macri defendi\u00f3 hoy\u00a0su gesti\u00f3n de Gobierno\u00a0al sostener que \u00abcontra viento y marea\u00bb est\u00e1 haciendo \u00abbien\u00bb las cosas para \u00absacar a la Argentina adelante\u00bb y asegur\u00f3 que \u00abhoy m\u00e1s que nunca\u00bb necesita que los argentinos \u00abdigan que estamos juntos\u00bb.<\/p>\n<p>El jefe de Estado\u00a0le pidi\u00f3 a dirigentes\u00a0pol\u00edticos, sindicales, empresarios y comunicadores que \u00aben vez de pedir soluciones m\u00e1gicas frente a la adversidad\u00bb digan cu\u00e1l va a ser su aporte al camino que traz\u00f3 el Gobierno de la alianza Cambiemos.<\/p>\n<p>\u00abEn vez de pedir cosas que est\u00e1n fuera de nuestro alcance que\u00a0cada uno diga desde su lugar qu\u00e9 va a hacer para ayudarnos a recorrer este camino, porque este es el camino\u00bb,\u00a0expres\u00f3 Macri en un acto en la ciudad chaque\u00f1a de Charata.<\/p>\n<p>Macri lleg\u00f3 a esa ciudad ubicada 220 kil\u00f3metros al oeste de Resistencia para presentar la renovaci\u00f3n de los primeros 500 kil\u00f3metros de v\u00edas del\u00a0Belgrano Cargas,\u00a0un ferrocarril que se utiliza para acercar la producci\u00f3n a los puertos.<\/p>\n<p>Macri hizo una recorrida a bordo de\u00a0una locomotora con 40 vagones de carga acompa\u00f1ado por el gobernador Peppo,\u00a0momentos antes de encabezar el acto del que participaron, adem\u00e1s, el ministro de Transporte de la Naci\u00f3n, Guillermo Dietrich; y el titular de la Unidad Plan Belgrano, Carlos Vignolo.<\/p>\n<p>El Presidente se\u00f1al\u00f3 que en\u00a01938 la Argentina transportaba 40 millones\u00a0de toneladas en su sistema ferroviario de cargas y el a\u00f1o pasado, en 2018, lleg\u00f3 a transportas apenas 18 millones de toneladas.<\/p>\n<p>En ese sentido, Macri destac\u00f3 las inversiones que el Estado viene haciendo en materia ferroviaria y ejemplific\u00f3 que en 2016 el Belgrano Cargas tardaba 14 d\u00edas en llegar desde Joaqu\u00edn V.<\/p>\n<p>Lo que pasa en el mundo no lo podemos manejar<\/p>\n<p>El Presidente Macri ratific\u00f3 en Charata que en los \u00faltimos meses ocurrieron cosas en el mundo sobre las que su gobierno no tiene control y que afectaron a la econom\u00eda argentina, que ahora va rumbo a meses recesivos.<\/p>\n<p>\u00abPor supuesto que este camino tiene\u00a0obst\u00e1culos que est\u00e1n m\u00e1s all\u00e1 de las capacidades de los argentinos y de su Presidente. Lo que pasa en el mundo es algo que no podemos controlar\u00bb, expres\u00f3 el mandatario.<\/p>\n<p>Se\u00f1al\u00f3 en ese sentido que si aumenta la tasa de inter\u00e9s en los Estados Unidos, si se reduce el cr\u00e9dito, si se duplica el precio del petr\u00f3leo en un a\u00f1o y si el pa\u00eds registra una sequ\u00eda, son cosas que su gobierno \u00abno puede manejar\u00bb.<\/p>\n<p>\u00abPor eso\u00a0necesito que hoy m\u00e1s que nunca digamos que estamos juntos\u00a0y nos comprometamos a trabajar juntos. Presidente, gobernadores, intendentes, los dirigentes y los argentinos\u00bb, enfatiz\u00f3 Macri.<\/p>\n<p>Se\u00f1al\u00f3 que las v\u00edas nuevas del Belgrano Cargas representan \u00abla unidad de los argentinos\u00bb e indic\u00f3 que cada kil\u00f3metro de v\u00eda que se avanza \u00abnos acercamos a esa Argentina llena de oportunidades. Y lo estamos haciendo bien,\u00a0contra viento y marea lo estamos haciendo bien\u00bb.<\/p>\n<h6>Fuente: InfoNews<\/h6>\n","protected":false},"excerpt":{"rendered":"<p>En un acto en la ciudad chaque\u00f1a de Charata, el jefe de Estado lanz\u00f3 un pedido por la crisis a dirigentes pol\u00edticos, sindicales, empresarios y comunicadores. Volvi\u00f3 a culpar de la crisis a \u00ablo que pasa en el mundo\u00bb.<\/p>\n","protected":false},"author":2,"featured_media":78806,"comment_status":"closed","ping_status":"closed","sticky":false,"template":"","format":"standard","meta":{"footnotes":""},"categories":[8],"tags":[21],"class_list":["post-78805","post","type-post","status-publish","format-standard","has-post-thumbnail","hentry","category-informe-nacional","tag-argentina"],"_links":{"self":[{"href":"http:\/\/argentinamunicipal.com.ar\/argentina\/wp-json\/wp\/v2\/posts\/78805","targetHints":{"allow":["GET"]}}],"collection":[{"href":"http:\/\/argentinamunicipal.com.ar\/argentina\/wp-json\/wp\/v2\/posts"}],"about":[{"href":"http:\/\/argentinamunicipal.com.ar\/argentina\/wp-json\/wp\/v2\/types\/post"}],"author":[{"embeddable":true,"href":"http:\/\/argentinamunicipal.com.ar\/argentina\/wp-json\/wp\/v2\/users\/2"}],"replies":[{"embeddable":true,"href":"http:\/\/argentinamunicipal.com.ar\/argentina\/wp-json\/wp\/v2\/comments?post=78805"}],"version-history":[{"count":0,"href":"http:\/\/argentinamunicipal.com.ar\/argentina\/wp-json\/wp\/v2\/posts\/78805\/revisions"}],"wp:featuredmedia":[{"embeddable":true,"href":"http:\/\/argentinamunicipal.com.ar\/argentina\/wp-json\/wp\/v2\/media\/78806"}],"wp:attachment":[{"href":"http:\/\/argentinamunicipal.com.ar\/argentina\/wp-json\/wp\/v2\/media?parent=78805"}],"wp:term":[{"taxonomy":"category","embeddable":true,"href":"http:\/\/argentinamunicipal.com.ar\/argentina\/wp-json\/wp\/v2\/categories?post=78805"},{"taxonomy":"post_tag","embeddable":true,"href":"http:\/\/argentinamunicipal.com.ar\/argentina\/wp-json\/wp\/v2\/tags?post=78805"}],"curies":[{"name":"wp","href":"https:\/\/api.w.org\/{rel}","templated":true}]}}