{"id":78808,"date":"2018-07-05T07:05:46","date_gmt":"2018-07-05T10:05:46","guid":{"rendered":"http:\/\/argentinamunicipal.com.ar\/argentina\/?p=78808"},"modified":"2018-07-05T07:05:46","modified_gmt":"2018-07-05T10:05:46","slug":"la-desinflacion-duro-muy-poco","status":"publish","type":"post","link":"http:\/\/argentinamunicipal.com.ar\/argentina\/la-desinflacion-duro-muy-poco\/","title":{"rendered":"La desinflaci\u00f3n dur\u00f3 muy poco"},"content":{"rendered":"<p>Aun las consultoras de orientaci\u00f3n m\u00e1s ortodoxa anticipan que la pol\u00edtica antiinflacionaria del Gobierno qued\u00f3 sepultada con la corrida cambiaria de los \u00faltimos dos meses. Sin incidencia de tarifas, la inflaci\u00f3n de junio super\u00f3 el 4 por ciento, calculan.<\/p>\n<p>La inflaci\u00f3n del mes de junio habr\u00eda alcanzado entre el 3,5 y el 4 por ciento, de acuerdo a las estimaciones dadas a conocer por seis consultoras privadas. El aumento acumulado en los \u00faltimos doce meses, coinciden estos distintos estudios, se ubic\u00f3 entre el 29 y 30 por ciento. Un rasgo particular que surge del relevamiento es que la suba de precios en junio, a diferencia de lo ocurrido en otros meses, se centr\u00f3 en los ajustes practicados por el sector privado sin regulaci\u00f3n oficial de precios. Es decir, la denominada inflaci\u00f3n \u201cn\u00facleo\u201d se ubic\u00f3 en torn\u00f3 al 4 por ciento, motivada fundamentalmente por el impulso que le dio la devaluaci\u00f3n a la elevaci\u00f3n del precio de los insumos. \u201cComienza a observarse el impacto de la corrida cambiaria sobre los precios\u201d, se\u00f1ala una de esas consultoras, reflejando en buena medida la opini\u00f3n de todas.<\/p>\n<p>Las consultoras que anticiparon su estimaci\u00f3n del aumento de precios en junio, adelant\u00e1ndose en casi dos semanas al dato oficial que se revelar\u00e1 el 17 de este mes (la fecha de publicaci\u00f3n, seg\u00fan la agenda del Indec), dan por tierra con las expectativas del gobierno en cuanto a la baja de la inflaci\u00f3n para este a\u00f1o, fundamentalmente a partir de la escapada del d\u00f3lar a partir de abril. De un c\u00e1lculo inicial del 8 al 12 por ciento del objetivo de inflaci\u00f3n para este a\u00f1o, trazado por el gobierno de Mauricio Macri para este a\u00f1o, en conferencia de prensa hacia fin de a\u00f1o \u2013despu\u00e9s de haber logrado la aprobaci\u00f3n del Presupuesto General para este a\u00f1o en el Congreso\u2013 modific\u00f3 la pauta de inflaci\u00f3n esperada elev\u00e1ndola al 15 por ciento. Al encarar las negociaciones con el FMI, tras el estallido de la crisis cambiaria en abril, el gobierno abandon\u00f3 el anticipo de la meta inflacionaria para este a\u00f1o. De todos modos, el ministro de Hacienda, Nicol\u00e1s Dujovne, a cargo de la coordinaci\u00f3n de la pol\u00edtica de ajuste negociada con el Fondo, desliz\u00f3 que el gobierno apuesta a que la inflaci\u00f3n cierre el a\u00f1o en torno al 27 por ciento, sepultando el camino a la denominada desinflaci\u00f3n. Con el aumento estimado para el \u00edndice de precios al consumidor de junio, ya quedar\u00eda superada en apenas un semestre la \u00faltima meta fijada en el 15 por ciento.<\/p>\n<p>Seg\u00fan la consultora Elypsis, los relevamientos preliminares indican que la inflaci\u00f3n de junio fue del 3,8 por ciento a nivel nacional, mostrando una fuerte aceleraci\u00f3n respecto de mayo, cuando el indicador registr\u00f3 un alza del 2,6 por ciento. El indicador n\u00facleo, que no tiene en cuenta subas estacionales o los ajustes de tarifas, arrojar\u00eda un incremento del 4,2 por ciento para el mes pasado. La consultora fue fundada y conducida por el economista Eduardo Levy Yeyati, vinculado al gobierno en su primer tramo y aun hoy hombre de consulta de los principales funcionarios del \u00e1rea econ\u00f3mica, Luis Caputo y Nicol\u00e1s Dujovne.<\/p>\n<p>El Instituto de Trabajo y Econom\u00eda de la Fundaci\u00f3n Germ\u00e1n Abdala inform\u00f3 que su \u00cdndice de Relevamiento de Precios (IRP) registr\u00f3 un aumento de 4 por ciento en junio, alcanzando un 29,6 por ciento en los \u00faltimos doce meses. \u201cDe esta manera, comienza a observarse el impacto de la actual corrida cambiaria sobre los precios\u201d, indic\u00f3 en su informe dicho instituto, de orientaci\u00f3n heterodoxa. La inflaci\u00f3n n\u00facleo que surge del an\u00e1lisis del ITE se ubic\u00f3 en el 4,1 por ciento, la m\u00e1s elevada desde diciembre de 2015. Respecto de junio de 2017, el crecimiento de la inflaci\u00f3n n\u00facleo \u00a0alcanz\u00f3 al 26,1 por ciento, seg\u00fan la Fundaci\u00f3n Germ\u00e1n Abdala.<\/p>\n<p>Eco Go consultores report\u00f3 que la inflaci\u00f3n medida por su Relevamiento de Precios Minoristas (RPM) exhibi\u00f3 un aumento del 3,7 por ciento en junio, llevando el indicador acumulado hasta el 29,8 por ciento en los \u00faltimos doce meses. La misma consultora, cuya directora ejecutiva es la economista Marina Dal Poggetto, estim\u00f3 que la inflaci\u00f3n n\u00facleo se ubic\u00f3 en el 3,7 por ciento en junio, alcanzando al 28,8 por ciento anual si se compara el actual valor del \u00edndice con el de junio del a\u00f1o pasado.<\/p>\n<p>El economista Fausto Spotorno, del Estudio Orlando Ferreres y Asociados, indic\u00f3 que el indicador de inflaci\u00f3n para junio arroj\u00f3 un alza del 3,9 por ciento mensual y del 28,4 por ciento medido en t\u00e9rminos anuales. \u201cLleg\u00f3 el impacto de la devaluaci\u00f3n\u201d, estim\u00f3 el economista tras la crisis cambiaria que hizo disparar el precio del d\u00f3lar en los \u00faltimos dos meses. Para el estudio Ferreres, la inflaci\u00f3n lleg\u00f3 al 15,5 por ciento en el primer semestre del a\u00f1o.<\/p>\n<p>Finalmente, para la consultora C&amp;T la inflaci\u00f3n de junio fue del 3,5 por ciento, acumulando as\u00ed 30 por ciento en los \u00faltimos doce meses. Lorenzo Sigaut Gravina, economista jefe de Ecolatina, proyect\u00f3 a su vez una inflaci\u00f3n de 3,5 por ciento para junio y de un 30 por ciento para todo el a\u00f1o.<\/p>\n<h6>Fuente: P\u00e1gina 12<\/h6>\n","protected":false},"excerpt":{"rendered":"<p>Aun las consultoras de orientaci\u00f3n m\u00e1s ortodoxa anticipan que la pol\u00edtica antiinflacionaria del Gobierno qued\u00f3 sepultada con la corrida cambiaria de los \u00faltimos dos meses.<\/p>\n","protected":false},"author":2,"featured_media":78809,"comment_status":"closed","ping_status":"closed","sticky":false,"template":"","format":"standard","meta":{"footnotes":""},"categories":[8],"tags":[21],"class_list":["post-78808","post","type-post","status-publish","format-standard","has-post-thumbnail","hentry","category-informe-nacional","tag-argentina"],"_links":{"self":[{"href":"http:\/\/argentinamunicipal.com.ar\/argentina\/wp-json\/wp\/v2\/posts\/78808","targetHints":{"allow":["GET"]}}],"collection":[{"href":"http:\/\/argentinamunicipal.com.ar\/argentina\/wp-json\/wp\/v2\/posts"}],"about":[{"href":"http:\/\/argentinamunicipal.com.ar\/argentina\/wp-json\/wp\/v2\/types\/post"}],"author":[{"embeddable":true,"href":"http:\/\/argentinamunicipal.com.ar\/argentina\/wp-json\/wp\/v2\/users\/2"}],"replies":[{"embeddable":true,"href":"http:\/\/argentinamunicipal.com.ar\/argentina\/wp-json\/wp\/v2\/comments?post=78808"}],"version-history":[{"count":0,"href":"http:\/\/argentinamunicipal.com.ar\/argentina\/wp-json\/wp\/v2\/posts\/78808\/revisions"}],"wp:featuredmedia":[{"embeddable":true,"href":"http:\/\/argentinamunicipal.com.ar\/argentina\/wp-json\/wp\/v2\/media\/78809"}],"wp:attachment":[{"href":"http:\/\/argentinamunicipal.com.ar\/argentina\/wp-json\/wp\/v2\/media?parent=78808"}],"wp:term":[{"taxonomy":"category","embeddable":true,"href":"http:\/\/argentinamunicipal.com.ar\/argentina\/wp-json\/wp\/v2\/categories?post=78808"},{"taxonomy":"post_tag","embeddable":true,"href":"http:\/\/argentinamunicipal.com.ar\/argentina\/wp-json\/wp\/v2\/tags?post=78808"}],"curies":[{"name":"wp","href":"https:\/\/api.w.org\/{rel}","templated":true}]}}