{"id":78820,"date":"2018-07-05T07:27:42","date_gmt":"2018-07-05T10:27:42","guid":{"rendered":"http:\/\/argentinamunicipal.com.ar\/argentina\/?p=78820"},"modified":"2018-07-05T07:27:42","modified_gmt":"2018-07-05T10:27:42","slug":"santa-fe-barranquitas-oeste-cuenta-con-el-primer-merendero-de-fin-de-semana","status":"publish","type":"post","link":"http:\/\/argentinamunicipal.com.ar\/argentina\/santa-fe-barranquitas-oeste-cuenta-con-el-primer-merendero-de-fin-de-semana\/","title":{"rendered":"Santa Fe: Barranquitas Oeste cuenta con el primer merendero de fin de semana"},"content":{"rendered":"<p>Creado por un grupo de hermanos oriundos de la zona, funciona desde hace poco m\u00e1s de un mes en el garaje de una casa, a una cuadra del terrapl\u00e9n Yrigoyen. El primer d\u00eda tuvieron 45 ni\u00f1os anotados y ahora ya van 115.<\/p>\n<p>Nacidas y criadas en barrio\u00a0Barranquitas\u00a0Oeste, las hermanas Sol\u00eds junto con un grupo de amigos y vecinos solidarios pusieron en marcha hace cinco semanas el primer merendero del barrio \u2013que bautizaron \u00abPor Caritas Felices\u00bb\u2013 que funciona los s\u00e1bados, de 15 a 17, en el garaje de una casa, a una cuadra del terrapl\u00e9n Yrigoyen.<\/p>\n<p>Concebido como un espacio que busca darle algo m\u00e1s que una copa de leche y galletitas a los chicos de la zona, la popularidad del mismo creci\u00f3 de forma estrepitosa, logrando ya duplicar en poco tiempo la cifra de asistentes: empezaron con un cupo de 45 inscriptos el primer s\u00e1bado y el \u00faltimo recibieron a 115.<\/p>\n<p>\u00abLa idea de poner en marcha el merendero surgi\u00f3 por conocer la realidad que viven los ni\u00f1os del barrio, que en su mayor\u00eda no tienen la posibilidad de ir a divertirse a ning\u00fan lado los fines de semana, y en ese sentido es que les ofrecemos tambi\u00e9n alguna actividad recreativa\u00bb, cont\u00f3 una de las impulsoras de la propuesta, Yanina.<\/p>\n<p>Y detall\u00f3: \u00abEl primer fin de semana armamos juegos tipo kerm\u00e9s, al siguiente hicimos una especie de cine, donde les repartimos pochoclos a los chicos y todo, y ya estamos programando para este s\u00e1bado hacer una actividad con cuentos a la que se sumar\u00e1n artistas voluntarios\u00bb.<\/p>\n<p>En esta l\u00ednea cabe destacar que el grupo est\u00e1 armando una campa\u00f1a de recolecci\u00f3n de donaciones que les sirva para sostener su obra. Solicitan leche, az\u00facar, harina, cacao, t\u00e9 y yerba. Para colaborar con esta iniciativa, pensada bajo el lema \u00abdar es mejor que recibir\u00bb, solicitan que los contacten al\u00a0tel\u00e9fono: 342-5239088.<\/p>\n<p>Asimismo invitan a quienes tengan tiempo disponible y ganas, que se sumen a su propuesta como manos solidarias aptas para ayudar a repartir las meriendas o bien para realizar actividades de entretenimiento.<\/p>\n<p>\u00abEstamos dispuestos a hacer crecer esta idea. Sabemos de las necesidades que hay en el barrio y estamos seguros de que podemos lograr mucho haciendo que estos chicos pongan sus caritas felices todos los s\u00e1bados\u00bb, cerr\u00f3 Yanina.<\/p>\n<h6>Fuente: Uno<\/h6>\n","protected":false},"excerpt":{"rendered":"<p>Creado por un grupo de hermanos oriundos de la zona, funciona desde hace poco m\u00e1s de un mes en el garaje de una casa, a una cuadra del terrapl\u00e9n Yrigoyen. El primer d\u00eda tuvieron 45 ni\u00f1os anotados y ahora ya van 115.<\/p>\n","protected":false},"author":2,"featured_media":78821,"comment_status":"closed","ping_status":"closed","sticky":false,"template":"","format":"standard","meta":{"footnotes":""},"categories":[2],"tags":[10],"class_list":["post-78820","post","type-post","status-publish","format-standard","has-post-thumbnail","hentry","category-informe-municipal","tag-santa-fe"],"_links":{"self":[{"href":"http:\/\/argentinamunicipal.com.ar\/argentina\/wp-json\/wp\/v2\/posts\/78820","targetHints":{"allow":["GET"]}}],"collection":[{"href":"http:\/\/argentinamunicipal.com.ar\/argentina\/wp-json\/wp\/v2\/posts"}],"about":[{"href":"http:\/\/argentinamunicipal.com.ar\/argentina\/wp-json\/wp\/v2\/types\/post"}],"author":[{"embeddable":true,"href":"http:\/\/argentinamunicipal.com.ar\/argentina\/wp-json\/wp\/v2\/users\/2"}],"replies":[{"embeddable":true,"href":"http:\/\/argentinamunicipal.com.ar\/argentina\/wp-json\/wp\/v2\/comments?post=78820"}],"version-history":[{"count":0,"href":"http:\/\/argentinamunicipal.com.ar\/argentina\/wp-json\/wp\/v2\/posts\/78820\/revisions"}],"wp:featuredmedia":[{"embeddable":true,"href":"http:\/\/argentinamunicipal.com.ar\/argentina\/wp-json\/wp\/v2\/media\/78821"}],"wp:attachment":[{"href":"http:\/\/argentinamunicipal.com.ar\/argentina\/wp-json\/wp\/v2\/media?parent=78820"}],"wp:term":[{"taxonomy":"category","embeddable":true,"href":"http:\/\/argentinamunicipal.com.ar\/argentina\/wp-json\/wp\/v2\/categories?post=78820"},{"taxonomy":"post_tag","embeddable":true,"href":"http:\/\/argentinamunicipal.com.ar\/argentina\/wp-json\/wp\/v2\/tags?post=78820"}],"curies":[{"name":"wp","href":"https:\/\/api.w.org\/{rel}","templated":true}]}}