{"id":78865,"date":"2018-07-06T06:27:56","date_gmt":"2018-07-06T09:27:56","guid":{"rendered":"http:\/\/argentinamunicipal.com.ar\/argentina\/?p=78865"},"modified":"2018-07-06T06:27:56","modified_gmt":"2018-07-06T09:27:56","slug":"78865-2","status":"publish","type":"post","link":"http:\/\/argentinamunicipal.com.ar\/argentina\/78865-2\/","title":{"rendered":"Peligra el funcionamiento de universidades p\u00fablicas por recorte presupuestario"},"content":{"rendered":"<p>El Consejo Superior de la Universidad Nacional Arturo Jauretche declar\u00f3 la sesi\u00f3n permanente ante el recorte presupuestario que peligra el cobro de sueldos a partir de noviembre y se suma as\u00ed al reclamo de la Universidad Tecnol\u00f3gica Nacional.<\/p>\n<p>Por medio de un comunicado, el\u00a0Consejo Superior de la Universidad Nacional Arturo Jauretche (UNAJ)\u00a0decidi\u00f3 declararse en sesi\u00f3n permanente por la\u00a0restricci\u00f3n presupuestaria\u00a0que vienen denunciando ante el Gobierno desde comienzo de a\u00f1o y que no tuvo respuestas.<\/p>\n<p>Seg\u00fan plantean, el presupuesto aprobado a la Universidad\u00a0s\u00f3lo llega a cubrir el pago de sueldos y gastos b\u00e1sicos de funcionamiento hasta poco m\u00e1s de los primeros meses del a\u00f1o.\u00a0Es decir que a partir de noviembre los salarios no est\u00e1n asegurados y el funcionamiento acad\u00e9mico podr\u00eda sufrir una crisis importante.<\/p>\n<p>Es por esta grave situaci\u00f3n que\u00a0alertan a la comunidad universitaria\u00a0porque sostienen que \u201cla din\u00e1mica del segundo cuatrimestre puede verse seriamente afectada\u201d. Convocan a unificar esfuerzos para garantizar la normal actividad de la Universidad.<\/p>\n<p>De esta manera, la UNAJ se suma al reclamo de la\u00a0Universidad Tecnol\u00f3gica Nacional (UTN) que d\u00edas atr\u00e1s denunci\u00f3 al Gobierno\u00a0por adeudar 200 millones de pesos y 4 mil millones a todo el sistema universitario.<\/p>\n<p>La casa de estudios, uno de las principales instituciones que forman ingenieros en el pa\u00eds y con varias sedes en la Provincia de Buenos Aires, denunci\u00f3 adem\u00e1s que esta maniobra se trata de una\u00a0\u201cSubejecuci\u00f3n de fondos\u201d, lo que desemboca en un \u201cahogo presupuestario\u201d para la Universidad.<\/p>\n<p>\u201cEsta deuda le imposibilita a las casas de estudio poder pagar gastos de funcionamiento, obra de infraestructura adeudadas, servicios p\u00fablicos como gas, agua, internet y electricidad, e inclusive para pagar becas estudiantiles y de investigaci\u00f3n\u201d, detallaron preocupados.<\/p>\n<p>Y esto se ve\u00eda venir, porque en marzo, al inicio del ciclo acad\u00e9mico, el Ministerio de Educaci\u00f3n confirm\u00f3 una reasignaci\u00f3n de fondos en detrimento de las universidades p\u00fablicas y tambi\u00e9n anunci\u00f3 la suspensi\u00f3n de obras de infraestructura.<\/p>\n<p>El recorte anunciado era de tres mil millones de pesos en el presupuesto del sector, n\u00famero mucho menor al que denuncian las universidades.\u00a0Lo grave de la situaci\u00f3n es que alrededor del 90% del presupuesto de las universidades es salario, por lo que el ajuste afecta el funcionamiento, becas estudiantiles, comedores, programas especiales.<\/p>\n<p>Respecto al congelamiento de los avances en infraestructura, la UTN volvi\u00f3 a reclamar por los desembolsos previstos en la \u201cLey de Presupuesto N\u00b0 27.431 y dar continuidad al Plan de Infraestructura Universitaria\u00a0a los efectos de completar y dar inicio a las obras necesarias para el funcionamiento de las Casas de Estudio\u201d.<\/p>\n<h6>Fuente: InfoCielo<\/h6>\n","protected":false},"excerpt":{"rendered":"<p>El Consejo Superior de la Universidad Nacional Arturo Jauretche declar\u00f3 la sesi\u00f3n permanente ante el recorte presupuestario que peligra el cobro de sueldos a partir de noviembre y se suma as\u00ed al reclamo de la Universidad Tecnol\u00f3gica Nacional.<\/p>\n","protected":false},"author":2,"featured_media":78866,"comment_status":"closed","ping_status":"closed","sticky":false,"template":"","format":"standard","meta":{"footnotes":""},"categories":[8],"tags":[21],"class_list":["post-78865","post","type-post","status-publish","format-standard","has-post-thumbnail","hentry","category-informe-nacional","tag-argentina"],"_links":{"self":[{"href":"http:\/\/argentinamunicipal.com.ar\/argentina\/wp-json\/wp\/v2\/posts\/78865","targetHints":{"allow":["GET"]}}],"collection":[{"href":"http:\/\/argentinamunicipal.com.ar\/argentina\/wp-json\/wp\/v2\/posts"}],"about":[{"href":"http:\/\/argentinamunicipal.com.ar\/argentina\/wp-json\/wp\/v2\/types\/post"}],"author":[{"embeddable":true,"href":"http:\/\/argentinamunicipal.com.ar\/argentina\/wp-json\/wp\/v2\/users\/2"}],"replies":[{"embeddable":true,"href":"http:\/\/argentinamunicipal.com.ar\/argentina\/wp-json\/wp\/v2\/comments?post=78865"}],"version-history":[{"count":0,"href":"http:\/\/argentinamunicipal.com.ar\/argentina\/wp-json\/wp\/v2\/posts\/78865\/revisions"}],"wp:featuredmedia":[{"embeddable":true,"href":"http:\/\/argentinamunicipal.com.ar\/argentina\/wp-json\/wp\/v2\/media\/78866"}],"wp:attachment":[{"href":"http:\/\/argentinamunicipal.com.ar\/argentina\/wp-json\/wp\/v2\/media?parent=78865"}],"wp:term":[{"taxonomy":"category","embeddable":true,"href":"http:\/\/argentinamunicipal.com.ar\/argentina\/wp-json\/wp\/v2\/categories?post=78865"},{"taxonomy":"post_tag","embeddable":true,"href":"http:\/\/argentinamunicipal.com.ar\/argentina\/wp-json\/wp\/v2\/tags?post=78865"}],"curies":[{"name":"wp","href":"https:\/\/api.w.org\/{rel}","templated":true}]}}