{"id":78868,"date":"2018-07-06T06:30:34","date_gmt":"2018-07-06T09:30:34","guid":{"rendered":"http:\/\/argentinamunicipal.com.ar\/argentina\/?p=78868"},"modified":"2018-07-06T06:30:34","modified_gmt":"2018-07-06T09:30:34","slug":"paro-de-militares-por-reclamo-salarial-se-suspendio-el-desfile-del-9-de-julio","status":"publish","type":"post","link":"http:\/\/argentinamunicipal.com.ar\/argentina\/paro-de-militares-por-reclamo-salarial-se-suspendio-el-desfile-del-9-de-julio\/","title":{"rendered":"\u00bfParo de militares? Por reclamo salarial se suspendi\u00f3 el desfile del 9 de julio"},"content":{"rendered":"<p>El Ministerio de Defensa afirm\u00f3 que por falta de presupuesto este lunes no se realizar\u00e1 el desfile por el d\u00eda de la Independencia en Capital Federal. Este a\u00f1o, el aumento salarial de los militares lleg\u00f3 al 8% lo que provoc\u00f3 gran malestar en las fuerzas.<\/p>\n<p>El desfile programado para las 11 de la ma\u00f1ana del lunes por el d\u00eda de la independencia,\u00a0 ten\u00eda prevista\u00a0la participaci\u00f3n 5600 efectivos, qued\u00f3 suspendido por una decisi\u00f3n del Ministerio de Defensa\u00a0de la Naci\u00f3n.<\/p>\n<p>El dato lo confirm\u00f3 el diario La Naci\u00f3n por fuentes del ministerio que conduce\u00a0Oscar Aguad. El malestar en las fuerzas se conoci\u00f3 cuando el martes el ministerio publico la resoluci\u00f3n \u00a0conjunta 2\/2018\u00a0que otorgaba un aumento de 8% para los cuadros m\u00e1s bajos de la fuerza.<\/p>\n<p>El desfile de las fuerzas armadas por Avenida Libertador se retom\u00f3 en 2016, meses despu\u00e9s de que Mauricio Macri asumiera la presidencia. Seg\u00fan Clar\u00edn, la falta de presupuesto es argumento planteado por el gobierno para suspender el desfile patrio.<\/p>\n<p>El antecedente inmediato de esta medida es el \u00abfaltazo\u00bb del presidente Macri al acto por el D\u00eda de la Bandera, que se celebr\u00f3 en Rosario el \u00faltimo 20 de junio. En esa ocasi\u00f3n, el Jefe de Estado adujo problemas de seguridad.<\/p>\n<h6>Fuente: Infocielo<\/h6>\n","protected":false},"excerpt":{"rendered":"<p>El Ministerio de Defensa afirm\u00f3 que por falta de presupuesto este lunes no se realizar\u00e1 el desfile por el d\u00eda de la Independencia en Capital Federal. <\/p>\n","protected":false},"author":2,"featured_media":78869,"comment_status":"closed","ping_status":"closed","sticky":false,"template":"","format":"standard","meta":{"footnotes":""},"categories":[8],"tags":[21],"class_list":["post-78868","post","type-post","status-publish","format-standard","has-post-thumbnail","hentry","category-informe-nacional","tag-argentina"],"_links":{"self":[{"href":"http:\/\/argentinamunicipal.com.ar\/argentina\/wp-json\/wp\/v2\/posts\/78868","targetHints":{"allow":["GET"]}}],"collection":[{"href":"http:\/\/argentinamunicipal.com.ar\/argentina\/wp-json\/wp\/v2\/posts"}],"about":[{"href":"http:\/\/argentinamunicipal.com.ar\/argentina\/wp-json\/wp\/v2\/types\/post"}],"author":[{"embeddable":true,"href":"http:\/\/argentinamunicipal.com.ar\/argentina\/wp-json\/wp\/v2\/users\/2"}],"replies":[{"embeddable":true,"href":"http:\/\/argentinamunicipal.com.ar\/argentina\/wp-json\/wp\/v2\/comments?post=78868"}],"version-history":[{"count":0,"href":"http:\/\/argentinamunicipal.com.ar\/argentina\/wp-json\/wp\/v2\/posts\/78868\/revisions"}],"wp:featuredmedia":[{"embeddable":true,"href":"http:\/\/argentinamunicipal.com.ar\/argentina\/wp-json\/wp\/v2\/media\/78869"}],"wp:attachment":[{"href":"http:\/\/argentinamunicipal.com.ar\/argentina\/wp-json\/wp\/v2\/media?parent=78868"}],"wp:term":[{"taxonomy":"category","embeddable":true,"href":"http:\/\/argentinamunicipal.com.ar\/argentina\/wp-json\/wp\/v2\/categories?post=78868"},{"taxonomy":"post_tag","embeddable":true,"href":"http:\/\/argentinamunicipal.com.ar\/argentina\/wp-json\/wp\/v2\/tags?post=78868"}],"curies":[{"name":"wp","href":"https:\/\/api.w.org\/{rel}","templated":true}]}}