{"id":78871,"date":"2018-07-06T06:36:30","date_gmt":"2018-07-06T09:36:30","guid":{"rendered":"http:\/\/argentinamunicipal.com.ar\/argentina\/?p=78871"},"modified":"2018-07-06T06:36:30","modified_gmt":"2018-07-06T09:36:30","slug":"paso-de-ganso","status":"publish","type":"post","link":"http:\/\/argentinamunicipal.com.ar\/argentina\/paso-de-ganso\/","title":{"rendered":"Paso de ganso"},"content":{"rendered":"<p>Para los analistas del oficialismo, la suspensi\u00f3n del desfile militar del \u00a09 de Julio se inscribe dentro de la pol\u00edtica que expres\u00f3 la vicepresidenta Gabriela Michetti en su memorable twitter-memor\u00e1ndum donde dej\u00f3 constancia de que: \u201cNo est\u00e1 bueno que la Historia mire siempre hacia atr\u00e1s, como que deber\u00edamos conmemorar cosas del futuro, tipo hacia adelante\u201d. O sea, como que parece que podr\u00edamos conmemorar alguna fecha tipo antes que suceda.<\/p>\n<p>Nada que ver lo del malestar en las Fuerzas Armadas por el magro aumento del 8 por ciento y sumas fijas para la oficialidad superior. \u00a0Aunque ser\u00eda l\u00f3gico que con la inflaci\u00f3n acumulada, cualquiera se pondr\u00eda verde si le dan esa propina de aumento. En eso, el gobierno es consecuente y decidi\u00f3 seguir los consejos de su legisladora m\u00e1s votada, Elisa Carri\u00f3, que le pidi\u00f3 a lo que queda de la clase media que d\u00e9 propina, igual que hace la clase acomodada con sus sirvientes.<\/p>\n<p>Seguramente algunos malagradecidos no ven con buenos ojos este tema de las propinas, porque Mauricio Macri, le orden\u00f3 a su mayordomo en las Fuerzas Armadas que arregle el tema y el de los familiares de los tripulantes del ARA San Juan que permanecen encadenados a las rejas de la Casa Rosada. El ministro de Defensa, Oscar Aguad, sali\u00f3 r\u00e1pidamente a pedir disculpas y a anunciar que corrigi\u00f3 su metida de pata y que el aumento para los uniformados ser\u00e1 del 15 por ciento.<\/p>\n<p>A los representantes de los encadenados los dej\u00f3 entrar a la Casa Rosada. Los atendi\u00f3 en un pasillo y les prometi\u00f3 que recomenzar\u00eda la b\u00fasqueda del submarino misteriosamente desaparecido. La palabra misteriosamente alude a que nadie se dign\u00f3 a dar una explicaci\u00f3n seria de lo que sucedi\u00f3, ni se ha realizado una investigaci\u00f3n a fondo y la b\u00fasqueda se detuvo hace ya varios d\u00edas, al mismo tiempo que el maltrato a los familiares pone en evidencia, ya no la falta de sensibilidad, sino la crueldad del gobierno. Por lo menos queda claro \u00a0que se trata de un tema que se quiere sacar de encima.<\/p>\n<p>Los familiares estuvieron de acuerdo con el anuncio de que recomenzar\u00e1 la b\u00fasqueda del submarino, pero dijeron que igual se quedar\u00e1n encadenados. Este 9 de Julio no habr\u00e1 desfile, pero estar\u00e1n los familiares encadenados para recordarle a Mauricio Macri que los tripulantes del ARA San Juan estaban bajo su responsabilidad como comandante en jefe y desaparecieron en cumplimiento del deber. Y que durante su gobierno, el submarino pas\u00f3 por lo menos cuatro chequeos generales.<\/p>\n<p>Macri huye de cualquier festejo o conmemoraci\u00f3n de masas. Se las arregl\u00f3 siempre para hacerlo en un lugar cerrado. En el Tedeum del 25 de Mayo soport\u00f3 una fuerte cr\u00edtica del cardenal Mario Poli, el 20 de junio no fue a Rosario para el D\u00eda de la Bandera, porque dijo que el kirchnerismo iba a generar disturbios. Ahora desde Tucum\u00e1n ya le dijeron que su seguridad estaba garantizada. El 25 de Mayo, mientras se movilizaba cerca de un mill\u00f3n de personas contra el FMI en la 9 de Julio, una orquesta de militares brit\u00e1nicos tocaba los himnos brit\u00e1nico y de \u00a0Argentina en la casa del embajador argentino en Londres Carlos Sersale Di Cerisano.<\/p>\n<p>Los actos patri\u00f3ticos han quedado en manos de las organizaciones sociales que movilizan cientos de miles de personas con fuertes cr\u00edticas al gobierno. El 25 de Mayo pasado, la consigna fue \u201cNo al FMI. La Patria est\u00e1 en peligro\u201d. El jefe de medios p\u00fablicos de Cambiemos, Hern\u00e1n Lombardi, una especie de comisario pol\u00edtico para detectar kirchneristas ocultos, dijo en esa oportunidad que detr\u00e1s de \u201clos actores que convocaron est\u00e1 el kirchnerismo\u201d. El hombre acaba de echar de la agencia Telam a 350 trabajadores porque hab\u00edan sido contratados por el kirchnerismo. Ve kirchneristas abajo de la cama. Un libretista de Lanata dijo que era una \u201cpaparruchada\u201d lo de \u201cla patria est\u00e1 en peligro\u201d. Le parece una paparruchada que otra vez m\u00e1s de la mitad de los trabajadores est\u00e9 por debajo de la l\u00ednea de pobreza y que les corten los servicios a los jubilados que no pueden pagar.<\/p>\n<p>Otra vez, los actos p\u00fablicos para este lunes en conmemoraci\u00f3n de la declaraci\u00f3n de la independencia estar\u00e1n a cargo de las organizaciones sociales que han comenzado a convocar al Obelisco para las 13 horas con la consigna \u201cContra el FMI, la Patria no se rinde\u201d. Seguramente saldr\u00e1 alg\u00fan Cambiemos para decir que es una paparruchada relacionar al FMI con la independencia, porque este gobierno act\u00faa \u201ctipo hacia el futuro\u201d, como plantea la vice Michetti, o sea: empieza a cumplir las condiciones del ajuste salvaje antes que el FMI se las imponga por contrato.<\/p>\n<p>Por\u00a0Luis Bruschtein<\/p>\n<h6>Fuente: P\u00e1gina 12<\/h6>\n","protected":false},"excerpt":{"rendered":"<p>Para los analistas del oficialismo, la suspensi\u00f3n del desfile militar del \u00a09 de Julio se inscribe dentro de la pol\u00edtica que expres\u00f3 la vicepresidenta Gabriela Michetti en su memorable twitter-memor\u00e1ndum &#8230;&#8230;..<\/p>\n","protected":false},"author":2,"featured_media":78872,"comment_status":"closed","ping_status":"closed","sticky":false,"template":"","format":"standard","meta":{"footnotes":""},"categories":[6],"tags":[21],"class_list":["post-78871","post","type-post","status-publish","format-standard","has-post-thumbnail","hentry","category-opiniones","tag-argentina"],"_links":{"self":[{"href":"http:\/\/argentinamunicipal.com.ar\/argentina\/wp-json\/wp\/v2\/posts\/78871","targetHints":{"allow":["GET"]}}],"collection":[{"href":"http:\/\/argentinamunicipal.com.ar\/argentina\/wp-json\/wp\/v2\/posts"}],"about":[{"href":"http:\/\/argentinamunicipal.com.ar\/argentina\/wp-json\/wp\/v2\/types\/post"}],"author":[{"embeddable":true,"href":"http:\/\/argentinamunicipal.com.ar\/argentina\/wp-json\/wp\/v2\/users\/2"}],"replies":[{"embeddable":true,"href":"http:\/\/argentinamunicipal.com.ar\/argentina\/wp-json\/wp\/v2\/comments?post=78871"}],"version-history":[{"count":0,"href":"http:\/\/argentinamunicipal.com.ar\/argentina\/wp-json\/wp\/v2\/posts\/78871\/revisions"}],"wp:featuredmedia":[{"embeddable":true,"href":"http:\/\/argentinamunicipal.com.ar\/argentina\/wp-json\/wp\/v2\/media\/78872"}],"wp:attachment":[{"href":"http:\/\/argentinamunicipal.com.ar\/argentina\/wp-json\/wp\/v2\/media?parent=78871"}],"wp:term":[{"taxonomy":"category","embeddable":true,"href":"http:\/\/argentinamunicipal.com.ar\/argentina\/wp-json\/wp\/v2\/categories?post=78871"},{"taxonomy":"post_tag","embeddable":true,"href":"http:\/\/argentinamunicipal.com.ar\/argentina\/wp-json\/wp\/v2\/tags?post=78871"}],"curies":[{"name":"wp","href":"https:\/\/api.w.org\/{rel}","templated":true}]}}