{"id":78874,"date":"2018-07-06T06:44:07","date_gmt":"2018-07-06T09:44:07","guid":{"rendered":"http:\/\/argentinamunicipal.com.ar\/argentina\/?p=78874"},"modified":"2018-07-06T06:44:07","modified_gmt":"2018-07-06T09:44:07","slug":"las-cifras-que-preanuncian-la-crisis","status":"publish","type":"post","link":"http:\/\/argentinamunicipal.com.ar\/argentina\/las-cifras-que-preanuncian-la-crisis\/","title":{"rendered":"Las cifras que preanuncian la crisis"},"content":{"rendered":"<p>La utilizaci\u00f3n de la capacidad industrial cay\u00f3 a su nivel m\u00e1s bajo de la gesti\u00f3n Cambiemos. El indicador expresa la contracci\u00f3n de la actividad en diversos sectores. Automotriz y metalmec\u00e1nica, al 55 por ciento de su capacidad.<\/p>\n<p>El uso de la capacidad instalada de la industria se ubic\u00f3 en el 65,1 por ciento en mayo, inform\u00f3 ayer el Indec, algo por debajo del a\u00f1o pasado y en l\u00ednea con el dato de 2016. La leve baja se explica por un relativo buen primer cuatrimestre, antes de la crisis cambiaria y el cambio en el escenario econ\u00f3mico. En mayo, la abrupta suba del d\u00f3lar afect\u00f3 a la industria pero no tuvo tal impacto sobre la tendencia acumulada. Se espera que a medida que avance el a\u00f1o los datos industriales sigan empeorando en l\u00ednea con el deterioro de la demanda interna y las altas tasas de inter\u00e9s. Los sectores con mayores ca\u00eddas son alimentos y bebidas y metalmec\u00e1nica.<\/p>\n<p>La utilizaci\u00f3n de la capacidad instalada evoluciona a corto plazo de manera conjunta a la producci\u00f3n. Cuando sube el nivel de actividad industrial avanza la utilizaci\u00f3n de las m\u00e1quinas y equipos, siempre que no haya nuevas inversiones. En cambio, cuando cae la actividad se reduce la utilizaci\u00f3n del equipamiento, o lo que es lo mismo, es mayor la capacidad ociosa. A medida que baja la utilizaci\u00f3n de las m\u00e1quinas, se aceleran las suspensiones de personal, retiros voluntarios y los despidos.<\/p>\n<p>En mayo, la utilizaci\u00f3n de la capacidad instalada se ubic\u00f3 en los niveles de 2016. Esto es congruente con el dato difundido d\u00edas atr\u00e1s por parte del Ministerio de Trabajo, que detect\u00f3 en su encuesta mensual un deterioro en las expectativas empresarias. La ca\u00edda de la proyecci\u00f3n de contrataciones equiparan la situaci\u00f3n actual con el punto m\u00e1s bajo registrado en la gesti\u00f3n Cambiemos, en mayo de 2016. En efecto, las chances de contratar m\u00e1s personal se reducen cuando hay mucha capacidad ociosa en las f\u00e1bricas.<\/p>\n<p>En alimentos y bebidas, la utilizaci\u00f3n de la capacidad cay\u00f3 en mayo un 5,4 por ciento al 61,5. \u201cHay una retracci\u00f3n del consumo de alimentos y esto hace que las f\u00e1bricas est\u00e9n trabajando como m\u00e1ximo al 60 por ciento de su capacidad instalada. Evidentemente el momento es complicado\u201d, consider\u00f3 el presidente de la Copal, Daniel Funes de Rioja.<\/p>\n<p>La utilizaci\u00f3n de la capacidad en la industria metalmec\u00e1nica cay\u00f3 en mayo un 6,6 por ciento. El informe mensual de Adimra advierte que m\u00e1s de la mitad de las empresas metal\u00fargicas redujeron horas extras. La principal baja se verific\u00f3 en el subsector de maquinaria agr\u00edcola, por el impacto de la sequ\u00eda, seguido de equipamiento m\u00e9dico y bienes de capital. Tambi\u00e9n cay\u00f3 la utilizaci\u00f3n en refinaci\u00f3n de petr\u00f3leo, caucho y pl\u00e1stico y textiles, y en menor medida en sustancias y productos qu\u00edmicos y papel y cart\u00f3n.<\/p>\n<p>Uno de los sectores cuya utilizaci\u00f3n avanz\u00f3 en mayo es la siderurgia. Si bien los datos interanuales siguen estando en terreno positivo para el sector, el an\u00e1lisis mensual muestra se\u00f1ales de debilitamiento en l\u00ednea con el freno a la obra p\u00fablica aplicada por el Gobierno en el marco del ajuste fiscal. La producci\u00f3n de acero registra un alza interanual del 11,2 por ciento en mayo pero frente a abril hay una ca\u00edda del 5,4 por ciento. En tanto, el sector de materiales de la construcci\u00f3n qued\u00f3 parejo frente al a\u00f1o pasado, con una utilizaci\u00f3n del 72,9 por ciento. En textiles, la capacidad instalada es del 59,9 por ciento, por debajo del dato del a\u00f1o pasado y casi 20 por ciento menos que en 2016. Buena parte del cierre de plantas y despido de trabajadores en el \u00faltimo tiempo se produjo en el sector textil, calzado y marroquiner\u00eda, afectados por la ca\u00edda del consumo, apertura de importaciones, tarifazos y altas tasas de inter\u00e9s.<\/p>\n<h6>Fuente: P\u00e1gina 12<\/h6>\n","protected":false},"excerpt":{"rendered":"<p>La utilizaci\u00f3n de la capacidad industrial cay\u00f3 a su nivel m\u00e1s bajo de la gesti\u00f3n Cambiemos. El indicador expresa la contracci\u00f3n de la actividad en diversos sectores. Automotriz y metalmec\u00e1nica, al 55 por ciento de su capacidad.<\/p>\n","protected":false},"author":2,"featured_media":78875,"comment_status":"closed","ping_status":"closed","sticky":false,"template":"","format":"standard","meta":{"footnotes":""},"categories":[8],"tags":[21],"class_list":["post-78874","post","type-post","status-publish","format-standard","has-post-thumbnail","hentry","category-informe-nacional","tag-argentina"],"_links":{"self":[{"href":"http:\/\/argentinamunicipal.com.ar\/argentina\/wp-json\/wp\/v2\/posts\/78874","targetHints":{"allow":["GET"]}}],"collection":[{"href":"http:\/\/argentinamunicipal.com.ar\/argentina\/wp-json\/wp\/v2\/posts"}],"about":[{"href":"http:\/\/argentinamunicipal.com.ar\/argentina\/wp-json\/wp\/v2\/types\/post"}],"author":[{"embeddable":true,"href":"http:\/\/argentinamunicipal.com.ar\/argentina\/wp-json\/wp\/v2\/users\/2"}],"replies":[{"embeddable":true,"href":"http:\/\/argentinamunicipal.com.ar\/argentina\/wp-json\/wp\/v2\/comments?post=78874"}],"version-history":[{"count":0,"href":"http:\/\/argentinamunicipal.com.ar\/argentina\/wp-json\/wp\/v2\/posts\/78874\/revisions"}],"wp:featuredmedia":[{"embeddable":true,"href":"http:\/\/argentinamunicipal.com.ar\/argentina\/wp-json\/wp\/v2\/media\/78875"}],"wp:attachment":[{"href":"http:\/\/argentinamunicipal.com.ar\/argentina\/wp-json\/wp\/v2\/media?parent=78874"}],"wp:term":[{"taxonomy":"category","embeddable":true,"href":"http:\/\/argentinamunicipal.com.ar\/argentina\/wp-json\/wp\/v2\/categories?post=78874"},{"taxonomy":"post_tag","embeddable":true,"href":"http:\/\/argentinamunicipal.com.ar\/argentina\/wp-json\/wp\/v2\/tags?post=78874"}],"curies":[{"name":"wp","href":"https:\/\/api.w.org\/{rel}","templated":true}]}}