{"id":78934,"date":"2018-07-09T18:49:32","date_gmt":"2018-07-09T21:49:32","guid":{"rendered":"http:\/\/argentinamunicipal.com.ar\/argentina\/?p=78934"},"modified":"2018-07-09T18:49:32","modified_gmt":"2018-07-09T21:49:32","slug":"78934-2","status":"publish","type":"post","link":"http:\/\/argentinamunicipal.com.ar\/argentina\/78934-2\/","title":{"rendered":"La Independencia y la tierra"},"content":{"rendered":"<p>En estos d\u00edas, terminando un libro sobre las mentiras y verdades de la Argentina agropecuaria junto con el compa\u00f1ero de El Manifiesto Argentino y militante agrarista Pedro Peretti, descubro que no hay mejor tema para la celebraci\u00f3n del 202\u00ba aniversario de la Independencia que reflexionar un par de ideas sobre el pasado y el presente de nuestra Patria.<\/p>\n<p>Una es que desde el comienzo mismo de la organizaci\u00f3n nacional la cuesti\u00f3n de la tierra fue eje de la pol\u00edtica argentina, aunque hoy parezca que no y\u00a0much@s\u00a0p\u00edcar@s\u00a0lo nieguen. Y la otra es que, por eso mismo, la tierra es (no casualmente) el m\u00e1s invisibilizado tema del presente.<\/p>\n<p>En general, el pueblo argentino ignora que antes del 9 de Julio de 1816 hubo otra declaraci\u00f3n de Independencia. Fue justo un a\u00f1o antes, el 29 de junio de 1815, cuando el caudillo oriental Jos\u00e9 Gervasio de Artigas declar\u00f3 la \u201cIndependencia de las Provincias del R\u00edo de la Plata de Espa\u00f1a y de toda otra dominaci\u00f3n extranjera\u201d en la ciudad de Concepci\u00f3n del Uruguay, donde se celebr\u00f3 el Congreso de Oriente o Congreso de los Pueblos Libres (que eran entonces la Banda Oriental, Entre R\u00edos, Corrientes, Santa Fe y C\u00f3rdoba).<\/p>\n<p>Esa primera declaraci\u00f3n de Independencia, de fuerte esp\u00edritu democr\u00e1tico y progresista, dispuso como uno de sus ejes que las tierras de los realistas y los latifundios en general deb\u00edan entregarse en propiedad y para explotaci\u00f3n agr\u00edcola a familias de criollos pobres, indios, mestizos y negros, a condici\u00f3n de prohibirles vender o hipotecar.<\/p>\n<p>Ese solo dato explica la ausencia de esas cinco provincias en el Congreso de Tucum\u00e1n al a\u00f1o siguiente, donde primaron una fuerte impronta conservadora encarnada en el riojano presidente del congreso tucumano, el obispo Pedro Ignacio de Castro Barros, y la f\u00e9rrea oposici\u00f3n de la representaci\u00f3n de Buenos Aires al federalismo del congreso entrerriano del a\u00f1o anterior. Y cuyo ocultamiento bien explica lo que hoy es evidente: que el sector agropecuario contempor\u00e1neo, al que la sociedad argentina llama gen\u00e9ricamente \u201cel campo\u201d, se vali\u00f3 por d\u00e9cadas de este negacionismo a fin de imponerse como lo que es hoy: el sector de la econom\u00eda m\u00e1s poderoso del pa\u00eds y por lejos el m\u00e1s concentrado y prebendario.<\/p>\n<p>Ese \u201colvido\u201d es el resultado de una fenomenal desinformaci\u00f3n e ignorancia inducidas, para ocultar la cuesti\u00f3n y sustraerla de debates y controles. As\u00ed han logrado convertir a los asuntos agrarios en una no-cosa, un no-tema, algo as\u00ed como una especie de materia inexistente, no discutible. Y han impuesto y naturalizado un sobreentendido de inocencia y laboriosidad que es letal para la democracia y la econom\u00eda. Al sustraer al sector agropecuario (principal actor econ\u00f3mico del pa\u00eds) de todo control pol\u00edtico y popular no s\u00f3lo entronizan el libre juego del mercado sino que eluden e impiden controles, fiscalizaciones y reformas. El mensaje es perverso y antidemocr\u00e1tico: \u201cNosotros nos autocontrolamos; el Estado no sirve porque es burocr\u00e1tico, lento y corrupto, igual que los pol\u00edticos\u201d.<\/p>\n<p>La estrategia fue y sigue siendo mimetizar al sector con los peque\u00f1os y medianos productores, a quienes inocularon la consigna m\u00e1s astuta: \u201ctodos somos el campo\u201d, \u201ctodos somos chacareros\u201d. Repetidas hasta el hartazgo durante el conflicto de 2008, \u201cconvencieron\u201d a la sociedad argentina de que \u201cel campo\u201d era todo igual y sin matices, y estaba siendo agredido. Y tanto la convencieron que, aprovechando la confusi\u00f3n del kirchnerismo al respecto, sentaron las bases del triunfo electoral de 2015.<\/p>\n<p>Hoy el latifundio es gigantesco en la Argentina, y nuestro territorio est\u00e1 en manos de un reducido grupo de terratenientes-empresarios. Lo que no es razonable ni inocuo, ni benigno. Es peligros\u00edsimo para la democracia, porque la concentraci\u00f3n genera abusos de poder sectoriales incontrolables.<\/p>\n<p>Casi nadie discute ni el latifundio ni el tama\u00f1o de las explotaciones agropecuarias. Sobre todo desde la d\u00e9cada de los 70, cuando empez\u00f3 la concentraci\u00f3n y la invisibilizaci\u00f3n. Y lo peor es que desde 1983 la dirigencia pol\u00edtica \u2013salvo raras excepciones\u2013 en materia de pol\u00edtica agraria piensa y act\u00faa como si el latifundio no existiese. Pero s\u00ed existe. Es una r\u00e9mora feudal que trata a todas las propiedades agrarias como iguales. \u00c9se es el triunfo de la oligarqu\u00eda terrateniente, que incluso con la aprobaci\u00f3n de pol\u00edticos y economistas niega su existencia diciendo que no hay oligarqu\u00eda ni latifundio. Pero repetimos: el latifundio s\u00ed existe en la Argentina, y es un fuerte condicionante negativo del desarrollo.<\/p>\n<p>Seg\u00fan estimaciones privadas del a\u00f1o 2004, unas 2 mil firmas controlaban m\u00e1s de 20 millones de hect\u00e1reas. Entre las principales: Bunge (260 mil has.), Fortabat (220), Bemberg (143), Werthein (98), Alzaga Unzu\u00e9 (66), Blaquier (45 mil). S\u00f3lo 6900 familias o empresas eran en 2004 due\u00f1as del 49,7 por ciento de la tierra. Y ya entonces hab\u00eda 18 millones has. en manos extranjeras: Benneton, Stallone, Lewis, entre otros. Pues bien, 14 a\u00f1os despu\u00e9s no se conocen informes, pero es m\u00e1s que evidente que las concentraciones aumentaron.<\/p>\n<p>Ah\u00ed est\u00e1 el caso del banquero Jorge Brito, amigo de todos los gobiernos, quien en un reportaje publicado en Perfil en 2011 cont\u00f3 que pose\u00eda 67 mil has. en Salta y aspiraba a llegar a las 100 mil. Bueno, seg\u00fan la revista Fortuna y el diario Clar\u00edn, en noviembre de 2016 ya ten\u00eda 87.414 hect\u00e1reas. Por su parte, el empresario Eduardo Elsztain, due\u00f1o del Banco Hipotecario y principal terrateniente argentino, tiene casi 420 mil has.<\/p>\n<p>Y el caso m\u00e1s grave, por tratarse del Presidente de la Naci\u00f3n, es la finca El Yuto, en la provincia de Salta, Departamento San Mart\u00edn, propiedad de la familia Macri a trav\u00e9s de su holding Socma y otras controladas, y que abarca unas 20 mil has., de las cuales fueron desforestadas 6 mil ilegalmente. No es la \u00fanica propiedad agr\u00edcola de la familia presidencial, sin embargo, y hay autores que estiman que los Macri poseen ya m\u00e1s de 100 mil has. en todo el pa\u00eds, lo que los hace uno de los principales terratenientes de la Argentina, superando o igualando a otros como Eduardo Eurnekian, Alejandro Braun Pe\u00f1a y el ex futbolista Gabriel Batistuta.<\/p>\n<p>Es hora de que de esto tambi\u00e9n se hable en un 9 de Julio.<\/p>\n<h5>Por\u00a0Mempo Giardinelli<\/h5>\n<h6>Fuente: P\u00e1gina 12<\/h6>\n","protected":false},"excerpt":{"rendered":"<p>En estos d\u00edas descubro que no hay mejor tema para la celebraci\u00f3n del 202\u00ba aniversario de la Independencia que reflexionar un par de ideas sobre el pasado y el presente de nuestra Patria.\u00a0<\/p>\n","protected":false},"author":2,"featured_media":78935,"comment_status":"closed","ping_status":"closed","sticky":false,"template":"","format":"standard","meta":{"footnotes":""},"categories":[6],"tags":[21],"class_list":["post-78934","post","type-post","status-publish","format-standard","has-post-thumbnail","hentry","category-opiniones","tag-argentina"],"_links":{"self":[{"href":"http:\/\/argentinamunicipal.com.ar\/argentina\/wp-json\/wp\/v2\/posts\/78934","targetHints":{"allow":["GET"]}}],"collection":[{"href":"http:\/\/argentinamunicipal.com.ar\/argentina\/wp-json\/wp\/v2\/posts"}],"about":[{"href":"http:\/\/argentinamunicipal.com.ar\/argentina\/wp-json\/wp\/v2\/types\/post"}],"author":[{"embeddable":true,"href":"http:\/\/argentinamunicipal.com.ar\/argentina\/wp-json\/wp\/v2\/users\/2"}],"replies":[{"embeddable":true,"href":"http:\/\/argentinamunicipal.com.ar\/argentina\/wp-json\/wp\/v2\/comments?post=78934"}],"version-history":[{"count":0,"href":"http:\/\/argentinamunicipal.com.ar\/argentina\/wp-json\/wp\/v2\/posts\/78934\/revisions"}],"wp:featuredmedia":[{"embeddable":true,"href":"http:\/\/argentinamunicipal.com.ar\/argentina\/wp-json\/wp\/v2\/media\/78935"}],"wp:attachment":[{"href":"http:\/\/argentinamunicipal.com.ar\/argentina\/wp-json\/wp\/v2\/media?parent=78934"}],"wp:term":[{"taxonomy":"category","embeddable":true,"href":"http:\/\/argentinamunicipal.com.ar\/argentina\/wp-json\/wp\/v2\/categories?post=78934"},{"taxonomy":"post_tag","embeddable":true,"href":"http:\/\/argentinamunicipal.com.ar\/argentina\/wp-json\/wp\/v2\/tags?post=78934"}],"curies":[{"name":"wp","href":"https:\/\/api.w.org\/{rel}","templated":true}]}}