{"id":78950,"date":"2018-07-09T19:25:05","date_gmt":"2018-07-09T22:25:05","guid":{"rendered":"http:\/\/argentinamunicipal.com.ar\/argentina\/?p=78950"},"modified":"2018-07-09T19:25:05","modified_gmt":"2018-07-09T22:25:05","slug":"78950-2","status":"publish","type":"post","link":"http:\/\/argentinamunicipal.com.ar\/argentina\/78950-2\/","title":{"rendered":"Una multitud contra el ajuste y el FMI"},"content":{"rendered":"<p>La concentraci\u00f3n convocada en el D\u00eda de la Independencia fue masiva. Reuni\u00f3 a integrantes de las organizaciones sindicales, sociales y pol\u00edticas que llamaron a la manifestaci\u00f3n y a personas autoconvocadas que reclaman el cambio del rumbo econ\u00f3mico del Gobierno. Testimonios de quienes concurrieron bajo el lema \u00abLa Patria no se rinde\u00bb.<br \/>\nPor\u00a0Ail\u00edn Bullentini<\/p>\n<p>Militantes y autoconvocados vencieron al fr\u00edo y coparon la 9 de Julio desde el mediod\u00eda para expresarse en contra del acuerdo que el Gobierno firm\u00f3 con el Fondo Monetario Internacional, pero tambi\u00e9n en repudio de las \u201cpol\u00edticas de ajuste\u201d implementadas por el Ejecutivo desde que asumi\u00f3 la presidencia Mauricio Macri. Con y sin carteles; con y sin banderas, hombres y mujeres celebraron el D\u00eda de la Independencia en la calle.<\/p>\n<p>\u201cHoy tendr\u00eda que ser un d\u00eda de alegr\u00eda, no de protesta\u201d, apunta Rita, que camina desde el Obelisco hacia Belgrano y 9 de Julio, donde va a leerse el documento de cierre de la movilizaci\u00f3n en contra del acuerdo con el fondo con su hija mayor, Oriana, prendida del brazo. Ludmila, la menor, caminaba pasos adelante con el padre, pero la oy\u00f3 a su mam\u00e1 dar su opini\u00f3n y quiere escucharla. Rita opina que \u201ces triste que el d\u00eda de nuestra independencia tengamos que estar exigiendo no perderla, porque el regreso al fondo significa ni m\u00e1s ni menos que eso: perder nuestra independencia, es una represi\u00f3n y una censura a nuestra democracia\u201d. Rita reconoce el peso que el organismo de cr\u00e9dito internacional tiene en la memoria colectiva y recurre a ese recurso para resignificar el regreso hoy: \u201cEl FMI es la clausura total a las decisiones que podemos llegar a tomar como pueblo. El pueblo eligi\u00f3 un gobierno para que los represente. No eligi\u00f3 al FMI para tomar las decisiones\u201d.<\/p>\n<p>Adem\u00e1s del repudio a la vuelta del FMI, la familia decidi\u00f3 participar de la manifestaci\u00f3n porque est\u00e1 \u201ccompletamente en desacuerdo con las medidas de ajuste implementadas por este Gobierno\u201d. La madre aclara que no est\u00e1n \u201csufriendo necesidades\u201d porque tienen trabajo, \u201cpero hay mucha gente que est\u00e1 padeciendo y eso no nos gusta, no es justo, no lo merece nadie el sufrimiento de no tener trabajo, no tener qu\u00e9 comer, no tener como sostener una familia\u201d.<\/p>\n<p>Guillermo Pastor es jubilado, tiene 75 a\u00f1os y lleg\u00f3, desde Ituzaing\u00f3, en el oeste del Conurbano Bonaerense, hasta la 9 de Julio porque siente \u201cque la patria est\u00e1 verdaderamente en peligro\u201d, que \u201chay una entrega de la soberan\u00eda\u201d argentina y que \u201cvuelve a repetirse la historia\u201d. En la calle, abrigado con una bufanda con los colores de la bandera y con un cartel que cuelga de su cuello en el que, de pu\u00f1o y letra, escribi\u00f3 que \u201cla plata de los jubilados no se toca\u201d, record\u00f3 que Jos\u00e9 de San Mart\u00edn \u201ctuvo que morir en el exilio\u201d y que Manuel Belgrano \u201ctuvo que vender hasta su reloj, tirado en la miseria como termin\u00f3\u201d. \u201cNadie los reconoci\u00f3\u201d, asegur\u00f3. \u201cDespu\u00e9s de ellos vinieron los gobiernos entreguistas y ahora estamos de nuevo en la misma. Nosotros no tenemos que confundirnos. Este tipo que est\u00e1 en el gobierno nos entrega de pies y manos al imperio angloyanqui\u201d, vocifer\u00f3 con el dedo \u00edndice revoleado al cielo.<\/p>\n<p>Mar\u00eda del Carmen tambi\u00e9n lleg\u00f3 sola a Belgrano y 9 de Julio. Como lo hizo con otras convocatorias de las que particip\u00f3, como la concentraci\u00f3n que se realiz\u00f3 el pasado 25 de mayo, tambi\u00e9n en contra del acuerdo del FMI, este mediod\u00eda sali\u00f3 a la calle para \u201cprotestar contra la injusticia\u201d: \u201cEs una injusticia que haya chicos y abuelas por las calles, que no tienen d\u00f3nde cubrirse del fr\u00edo, que pasan hambre\u201d. Hoy, el festejo por la independencia del pa\u00eds, la mujer &#8211;que tiene hijos \u201cque piensan lo mismo\u201d que ella, pero no asistieron porque \u201ctienen sus hijos con catarro y se quedaron en sus casas\u201d&#8211; considera que \u201cla independencia no existe, no hay nada que celebrar. Nos ataron de pies y manos, nada bueno puede salir de un pueblo amarrado\u201d.<\/p>\n<p>Adem\u00e1s de original, Jorge Kiernan estuvo astuto: el disfraz de gorila le protegi\u00f3 todo el cuerpo, incluso la cara, del fr\u00edo. Complet\u00f3 el personaje con una sombrilla azul y amarilla de la que colg\u00f3 r\u00e9plicas de billetes de d\u00f3lares para representar \u201cla lluvia de inversiones que no paran de llegar\u201d. Para los distra\u00eddos de esos que les cuesta entender los chistes, Jorge se colg\u00f3 de su cuello un cartel amarillo en el que explic\u00f3 el sentido de su intervenci\u00f3n: \u201cGracias Miauricio (sic) por la lluvia de inversiones\u201d. \u201cLe quise buscar una vuelta humor\u00edstica a la situaci\u00f3n porque si no exploto\u201d, cont\u00f3, \u201cuna forma de combatir todo esto\u201d.<\/p>\n<p>Lleg\u00f3 por las suyas, se autodefini\u00f3 como un \u201cartista inorg\u00e1nico total\u201d y defini\u00f3 a la independencia como \u201cuna utop\u00eda que se nos aleja\u201d. \u201cAl contrario, vamos hacia la dependencia. El acuerdo con el FMI est\u00e1 hecho para atarnos con cadenas m\u00e1s soldadas que aquellas espa\u00f1olas que rompieron los pr\u00f3ceres\u201d. Se fue muy atr\u00e1s en el tiempo Jorge, pero volvi\u00f3 r\u00e1pido al \u201cacuerdo que sald\u00f3 Kirchner con el FMI. Cre\u00edamos que era impagable ese acuerdo y nos lo sacamos de encima. Este va a ser m\u00e1s complicado de saldar. Hoy, los que resistimos, tenemos una nueva batalla: la de convencer a ese tercio del pa\u00eds que vot\u00f3 enga\u00f1ado, que vot\u00f3 en contra suya, que vot\u00f3 suicidando el futuro. Loco, pens\u00e1 un poco. Macri no nos puede volver a pasar\u201d.<\/p>\n<h6>Fuente: P\u00e1gina 12<\/h6>\n","protected":false},"excerpt":{"rendered":"<p>La concentraci\u00f3n convocada en el D\u00eda de la Independencia fue masiva. Reuni\u00f3 a integrantes de las organizaciones sindicales, sociales y pol\u00edticas que llamaron a la manifestaci\u00f3n y a personas autoconvocadas que reclaman el cambio del rumbo econ\u00f3mico del Gobierno. <\/p>\n","protected":false},"author":2,"featured_media":78951,"comment_status":"closed","ping_status":"closed","sticky":false,"template":"","format":"standard","meta":{"footnotes":""},"categories":[8],"tags":[21],"class_list":["post-78950","post","type-post","status-publish","format-standard","has-post-thumbnail","hentry","category-informe-nacional","tag-argentina"],"_links":{"self":[{"href":"http:\/\/argentinamunicipal.com.ar\/argentina\/wp-json\/wp\/v2\/posts\/78950","targetHints":{"allow":["GET"]}}],"collection":[{"href":"http:\/\/argentinamunicipal.com.ar\/argentina\/wp-json\/wp\/v2\/posts"}],"about":[{"href":"http:\/\/argentinamunicipal.com.ar\/argentina\/wp-json\/wp\/v2\/types\/post"}],"author":[{"embeddable":true,"href":"http:\/\/argentinamunicipal.com.ar\/argentina\/wp-json\/wp\/v2\/users\/2"}],"replies":[{"embeddable":true,"href":"http:\/\/argentinamunicipal.com.ar\/argentina\/wp-json\/wp\/v2\/comments?post=78950"}],"version-history":[{"count":0,"href":"http:\/\/argentinamunicipal.com.ar\/argentina\/wp-json\/wp\/v2\/posts\/78950\/revisions"}],"wp:featuredmedia":[{"embeddable":true,"href":"http:\/\/argentinamunicipal.com.ar\/argentina\/wp-json\/wp\/v2\/media\/78951"}],"wp:attachment":[{"href":"http:\/\/argentinamunicipal.com.ar\/argentina\/wp-json\/wp\/v2\/media?parent=78950"}],"wp:term":[{"taxonomy":"category","embeddable":true,"href":"http:\/\/argentinamunicipal.com.ar\/argentina\/wp-json\/wp\/v2\/categories?post=78950"},{"taxonomy":"post_tag","embeddable":true,"href":"http:\/\/argentinamunicipal.com.ar\/argentina\/wp-json\/wp\/v2\/tags?post=78950"}],"curies":[{"name":"wp","href":"https:\/\/api.w.org\/{rel}","templated":true}]}}