{"id":79017,"date":"2018-07-13T07:18:32","date_gmt":"2018-07-13T10:18:32","guid":{"rendered":"http:\/\/argentinamunicipal.com.ar\/argentina\/?p=79017"},"modified":"2018-07-13T07:18:32","modified_gmt":"2018-07-13T10:18:32","slug":"la-inflacion-de-junio-fue-la-mas-alta-en-dos-anos-y-el-poder-adquisitivo-del-salario-sigue-en-caida-libre","status":"publish","type":"post","link":"http:\/\/argentinamunicipal.com.ar\/argentina\/la-inflacion-de-junio-fue-la-mas-alta-en-dos-anos-y-el-poder-adquisitivo-del-salario-sigue-en-caida-libre\/","title":{"rendered":"La inflaci\u00f3n de junio fue la m\u00e1s alta en dos a\u00f1os y el poder adquisitivo del salario sigue en ca\u00edda libre"},"content":{"rendered":"<p>El Instituto Estad\u00edstico de los Trabajadores (IET) elabor\u00f3 un informe donde se\u00f1al\u00f3 que la suba de precios en el primer semestre acumul\u00f3 16,1% y la interanual se estir\u00f3 al 29,5%.<\/p>\n<p>El Instituto Estad\u00edstico de los Trabajadores (IET) mide la inflaci\u00f3n de los trabajadores y dio a conocer que en junio fue de 3,5%, la mayor en los \u00faltimos dos a\u00f1os, y alcanz\u00f3 un 29,5% interanual.<\/p>\n<p>Desde el organismo que depende de la\u00a0Universidad Metropolitana para la Educaci\u00f3n y el Trabajo, afirmaron que la suba de precios fue la m\u00e1s alta desde mayo de 2016, cuando alcanz\u00f3 3,7%. El rubro alimentos, que impacta con m\u00e1s fuerza en los hogares de menores recursos, trep\u00f3 en junio al 4,1% y fue la m\u00e1s intensa desde diciembre de 2015.<\/p>\n<p>De este modo,\u00a0se observ\u00f3 una fuerte ca\u00edda del 4% en el poder adquisitivo respecto de junio de 2017. A su vez, el salario real durante el mes pasado fue 9,1% menor al de noviembre de 2015.<\/p>\n<p>Considerada por deciles, la inflaci\u00f3n de los trabajadores es la m\u00e1s intensa en los sectores \u201cde bajos ingresos relativos, que destinan un porcentaje mayor de los mismos a servicios p\u00fablicos y alimentos\u201d.<\/p>\n<p>Mientras la interanual fue de 28% en el decil 10, en el decil 1 alcanz\u00f3 el 31,8%. Desde noviembre de 2015, la inflaci\u00f3n acumulada del decil 1 de los asalariados formales (127,2%) fue 27,5 puntos m\u00e1s alta que la del decil 10 (99,7%).<\/p>\n<p>El IET tambi\u00e9n indic\u00f3\u00a0que la inflaci\u00f3n de los jubilados de junio alcanz\u00f3 el 3,3% contra mayo y 31,3% interanual.<\/p>\n<h6>Fuente: Infocielo<\/h6>\n","protected":false},"excerpt":{"rendered":"<p>El Instituto Estad\u00edstico de los Trabajadores (IET) elabor\u00f3 un informe donde se\u00f1al\u00f3 que la suba de precios en el primer semestre acumul\u00f3 16,1% y la interanual se estir\u00f3 al 29,5%.<\/p>\n","protected":false},"author":2,"featured_media":79018,"comment_status":"closed","ping_status":"closed","sticky":false,"template":"","format":"standard","meta":{"footnotes":""},"categories":[8],"tags":[21],"class_list":["post-79017","post","type-post","status-publish","format-standard","has-post-thumbnail","hentry","category-informe-nacional","tag-argentina"],"_links":{"self":[{"href":"http:\/\/argentinamunicipal.com.ar\/argentina\/wp-json\/wp\/v2\/posts\/79017","targetHints":{"allow":["GET"]}}],"collection":[{"href":"http:\/\/argentinamunicipal.com.ar\/argentina\/wp-json\/wp\/v2\/posts"}],"about":[{"href":"http:\/\/argentinamunicipal.com.ar\/argentina\/wp-json\/wp\/v2\/types\/post"}],"author":[{"embeddable":true,"href":"http:\/\/argentinamunicipal.com.ar\/argentina\/wp-json\/wp\/v2\/users\/2"}],"replies":[{"embeddable":true,"href":"http:\/\/argentinamunicipal.com.ar\/argentina\/wp-json\/wp\/v2\/comments?post=79017"}],"version-history":[{"count":0,"href":"http:\/\/argentinamunicipal.com.ar\/argentina\/wp-json\/wp\/v2\/posts\/79017\/revisions"}],"wp:featuredmedia":[{"embeddable":true,"href":"http:\/\/argentinamunicipal.com.ar\/argentina\/wp-json\/wp\/v2\/media\/79018"}],"wp:attachment":[{"href":"http:\/\/argentinamunicipal.com.ar\/argentina\/wp-json\/wp\/v2\/media?parent=79017"}],"wp:term":[{"taxonomy":"category","embeddable":true,"href":"http:\/\/argentinamunicipal.com.ar\/argentina\/wp-json\/wp\/v2\/categories?post=79017"},{"taxonomy":"post_tag","embeddable":true,"href":"http:\/\/argentinamunicipal.com.ar\/argentina\/wp-json\/wp\/v2\/tags?post=79017"}],"curies":[{"name":"wp","href":"https:\/\/api.w.org\/{rel}","templated":true}]}}