{"id":79084,"date":"2018-07-15T11:48:44","date_gmt":"2018-07-15T14:48:44","guid":{"rendered":"http:\/\/argentinamunicipal.com.ar\/argentina\/?p=79084"},"modified":"2018-07-15T11:48:44","modified_gmt":"2018-07-15T14:48:44","slug":"las-aguas-estan-lejos-de-ser-mansas","status":"publish","type":"post","link":"http:\/\/argentinamunicipal.com.ar\/argentina\/las-aguas-estan-lejos-de-ser-mansas\/","title":{"rendered":"Las aguas est\u00e1n lejos de ser mansas"},"content":{"rendered":"<p>El Consejo Directivo accedi\u00f3 a que los triunviros contin\u00faen, pero no fren\u00f3 las tensiones entre los sectores sindicales. El pr\u00f3ximo cap\u00edtulo de la disputa ser\u00e1 el plenario de secretarios generales.<\/p>\n<p>Desde afuera parece que la calma lleg\u00f3 a la CGT luego de que el Consejo Directivo le renovara la confianza y el mandato. Sin embargo y como asegur\u00f3 un integrante del cuerpo colegiado \u201cuna CGT sin internas es como la iglesia sin curas\u201d y no se equivoca. Por caso, el grupo conocido como \u201cno alineados\u201d, que lideran el Smata, la UOM y pilotos, tiene prevista una cuarta reuni\u00f3n para el pr\u00f3ximo 24 de julio. Si ese sector crece en cantidad de sindicatos bien puede determinar el futuro inmediato de la central obrera durante el plenario de secretarios generales previsto para fines de agosto porque podr\u00eda modificar el actual perfil de la central obrera transmutando el excesivo dialogismo que hoy predomina por uno de mayor firmeza ante el gobierno de Cambiemos. Por lo tanto, aquella supuesta tranquilidad conseguida el pasado jueves dista de ser real.<\/p>\n<p>La contundencia del paro general del 25 de junio pasado no es discutida por ning\u00fan dirigente de la CGT, ni los que est\u00e1n en el Consejo Directivo y mucho menos aquellos que no lo integran. Todos, con raz\u00f3n, se sienten responsables de ese \u00e9xito. Los triunviros leyeron la huelga como el hecho que fortaleci\u00f3 su alica\u00edda conducci\u00f3n y apostaron suspender el congreso que se hab\u00edan comprometido a realizar en un momento de m\u00e1xima debilidad. Entend\u00edan, con certeza, que la tendencia hist\u00f3rica en la CGT es tomar una decisi\u00f3n por consenso en desmedro de una votaci\u00f3n que, en ese universo, es considerada como una suerte de garant\u00eda de fractura. Es una media verdad.<\/p>\n<p>Por lo tanto, sab\u00edan los triunviros que ninguno de los dirigentes m\u00e1s brav\u00edos del Consejo se animar\u00edan a plantear una votaci\u00f3n para determinar si hab\u00eda no congreso. No se equivocaron.<\/p>\n<p>Sin embargo es posible que la opci\u00f3n elegida para abroquelar la decisi\u00f3n de darle continuidad al esquema de conducci\u00f3n tripartito, esto es el plenario de secretarios generales, no les garantice el resultado que ellos esperan. Es verdad que el plenario no tiene una potestad decisoria como el Comit\u00e9 Central Confederal e incluso un congreso de la CGT pero sirve para saber qu\u00e9 es lo que piensan y reclaman las c\u00fapulas sindicales, federaciones o uniones gremiales. En ese espacio no hay representaci\u00f3n proporcional a la cantidad de afiliados y todos valen lo mismo. Si se quiere, todos valen un voto. All\u00ed se escucharan las voces de estos dirigentes que encabezan sindicatos m\u00e1s o menos grandes, m\u00e1s o menos estrat\u00e9gicos a la hora de una medida de fuerza pero conducen gremios y ninguno escapa a la malaria que distribuye sin miramientos el plan econ\u00f3mico.<\/p>\n<p>Si se quiere, el peligro que representa para el triunvirato, respaldados por gordos e independientes, los \u201cno alineados\u201d es la influencia que ejerzan sobre el resto de los dirigentes acuciados por las p\u00e9rdidas de fuentes de trabajo y, por ende, de afiliados. El grupo que conducen Ricardo Pignanelli, Antonio Cal\u00f3 y un par de escalones m\u00e1s abajo Pablo Bir\u00f3 de pilotos, es cada vez m\u00e1s numeroso y es donde Pablo Moyano tambi\u00e9n recal\u00f3 junto a sus gremios aliados. Estos pretenden, con m\u00e1s o menos \u00e9nfasis, una CGT que negocie con el Gobierno desde una posici\u00f3n de fuerza y ese perfil en estos tiempos que corren ha ganado terreno entre la dirigencia sindical. Es verdad, no todos comparten tal vez la intensidad que debe tener ese perfil. Pignanelli y Cal\u00f3 no tienen la misma vehemencia que Moyano hijo y, por as\u00ed decirlo, son muchos m\u00e1s pol\u00edticos. Pero como suele repetir Cal\u00f3: \u201cPara saber c\u00f3mo est\u00e1 el pa\u00eds hay que mirar a la UOM\u201d como gremio que representa la industria nacional. Pues bien, el metal\u00fargico le entreg\u00f3 el viernes pasado al ministro de la Producci\u00f3n, Dante Sica, un documento donde afirma que su sindicato tiene registrada la p\u00e9rdida de 30 mil puestos de trabajos y otros 20 mi obreros suspendidos. Entonces as\u00ed est\u00e1 la Argentina.<\/p>\n<p>M\u00e1s all\u00e1 de lo que surja del plenario de secretario generales los triunviros deber\u00e1n tener en cuenta el humor en las regionales de la central obrera que ascienden a 78. La mayor\u00eda de ellas fueron normalizadas mientras la UOM, representada por Francisco \u201cBarba\u201d Guti\u00e9rrez, ocup\u00f3 la Secretar\u00eda de Interior de la CGT. Una tarea que genera v\u00ednculos, relaciones, amistades y, sobre todo, lealtades para el dirigente normalizador. A eso hay que sumarle que un peque\u00f1o n\u00famero de esas regionales responden a Camioneros que, por esas casualidades de la vida sindical, Hugo Moyano y Cal\u00f3 est\u00e1n juntos en los \u201cno alineados\u201d. Es un detalle que se deber\u00e1 tener en cuenta por si en alg\u00fan momento se convoca a un Comit\u00e9 Central o un congreso.<\/p>\n<p>Mientras los dirigentes tejen y destejen alianzas por lo bajo, entre los cuerpos de delegados hay tambi\u00e9n movimiento. Si bien responden a sus conducciones no dejan de tener sus preferencias y de tanto en tanto esas se escapan por el lugar menos pensado. Hace pocas semanas estuvo en Buenos Aires la presidenta destituida por un golpe, Dilma Rousseff, quien particip\u00f3 de un acto organizado por los sindicatos de Sanidad, Alimentaci\u00f3n y Encargados de Edificios que se realiz\u00f3 en el sal\u00f3n Felipe Vallese de la CGT. En un momento de su discurso, la ex mandataria brasile\u00f1a nombr\u00f3 a Cristina Fern\u00e1ndez de Kirchner y para sorpresa de todos la platea estall\u00f3 en aplausos y vivas a la ex presidenta. Poco despu\u00e9s Rousseff cit\u00f3 a N\u00e9stor Kirchner y otra vez la misma reacci\u00f3n. Los que vivaron no era un p\u00fablico cualquiera sino militantes y delegados de esos gremios. Desde un punto de vista estad\u00edstico tal vez no sea un dato excluyente pero da cuenta de lo que est\u00e1 ocurriendo entre los cuadros medios sindicales y es muy probable que los dirigentes lo consideren a la hora de proyectar el perfil de la central obrera. Son elementos que dan cuenta que en la CGT las aguas pueden parecer tranquilas pero est\u00e1n lejos de ser mansas.<\/p>\n<h6>Fuente: P\u00e1gina 12<\/h6>\n","protected":false},"excerpt":{"rendered":"<p>El Consejo Directivo accedi\u00f3 a que los triunviros contin\u00faen, pero no fren\u00f3 las tensiones entre los sectores sindicales. El pr\u00f3ximo cap\u00edtulo de la disputa ser\u00e1 el plenario de secretarios generales.<\/p>\n","protected":false},"author":2,"featured_media":79085,"comment_status":"closed","ping_status":"closed","sticky":false,"template":"","format":"standard","meta":{"footnotes":""},"categories":[8],"tags":[21],"class_list":["post-79084","post","type-post","status-publish","format-standard","has-post-thumbnail","hentry","category-informe-nacional","tag-argentina"],"_links":{"self":[{"href":"http:\/\/argentinamunicipal.com.ar\/argentina\/wp-json\/wp\/v2\/posts\/79084","targetHints":{"allow":["GET"]}}],"collection":[{"href":"http:\/\/argentinamunicipal.com.ar\/argentina\/wp-json\/wp\/v2\/posts"}],"about":[{"href":"http:\/\/argentinamunicipal.com.ar\/argentina\/wp-json\/wp\/v2\/types\/post"}],"author":[{"embeddable":true,"href":"http:\/\/argentinamunicipal.com.ar\/argentina\/wp-json\/wp\/v2\/users\/2"}],"replies":[{"embeddable":true,"href":"http:\/\/argentinamunicipal.com.ar\/argentina\/wp-json\/wp\/v2\/comments?post=79084"}],"version-history":[{"count":0,"href":"http:\/\/argentinamunicipal.com.ar\/argentina\/wp-json\/wp\/v2\/posts\/79084\/revisions"}],"wp:featuredmedia":[{"embeddable":true,"href":"http:\/\/argentinamunicipal.com.ar\/argentina\/wp-json\/wp\/v2\/media\/79085"}],"wp:attachment":[{"href":"http:\/\/argentinamunicipal.com.ar\/argentina\/wp-json\/wp\/v2\/media?parent=79084"}],"wp:term":[{"taxonomy":"category","embeddable":true,"href":"http:\/\/argentinamunicipal.com.ar\/argentina\/wp-json\/wp\/v2\/categories?post=79084"},{"taxonomy":"post_tag","embeddable":true,"href":"http:\/\/argentinamunicipal.com.ar\/argentina\/wp-json\/wp\/v2\/tags?post=79084"}],"curies":[{"name":"wp","href":"https:\/\/api.w.org\/{rel}","templated":true}]}}