{"id":79109,"date":"2018-07-16T07:21:17","date_gmt":"2018-07-16T10:21:17","guid":{"rendered":"http:\/\/argentinamunicipal.com.ar\/argentina\/?p=79109"},"modified":"2018-07-16T07:21:17","modified_gmt":"2018-07-16T10:21:17","slug":"la-masacre-laboral-en-telam","status":"publish","type":"post","link":"http:\/\/argentinamunicipal.com.ar\/argentina\/la-masacre-laboral-en-telam\/","title":{"rendered":"La \u201cmasacre laboral\u201d en T\u00e9lam"},"content":{"rendered":"<p>El diputado Leopoldo Moreau calific\u00f3 los despidos masivos en la agencia de noticias T\u00e9lam como \u201cuna masacre laboral\u201d, advirti\u00f3 que \u201clos directivos que no van a trabajar y cobran\u201d est\u00e1n incurriendo en \u201cun lockout patronal\u201d y anunci\u00f3 que como presidente de la Comisi\u00f3n de Libertad de Expresi\u00f3n de la c\u00e1mara de Diputados denunciar\u00e1 el caso ante el relator de esa especialidad en Naciones Unidas. Un d\u00eda despu\u00e9s del amparo de la justicia laboral que orden\u00f3 reincorporar a un grupo de trabajadores hasta que la empresa cumpla con el procedimiento preventivo de crisis, el legislador consider\u00f3 que \u201cse abre el camino para que vuelvan los 357 despedidos\u201d.<\/p>\n<p>El secretario de Medios P\u00fablicos, Hern\u00e1n Lombardi, y el presidente de T\u00e9lam, Rodolfo Pous\u00e1, fueron interpelados el mi\u00e9rcoles por tres comisiones de Diputados. \u201cConfirm\u00e9 mis sospechas: Lombardi y Pous\u00e1 se autoincriminaron y reconocieron que fue una decisi\u00f3n basada en el revanchismo y la persecuci\u00f3n ideol\u00f3gica y sindical\u201d, cont\u00f3 Moreau, entrevistado en la AM750. \u201cLos propios funcionarios admitieron que hicieron esto por un n\u00facleo ideologizado dentro de la agencia, lo cual no es un delito\u201d, record\u00f3 el dirigente radical de Unidad Ciudadana. Pous\u00e1 justific\u00f3 los despidos \u201cporque en T\u00e9lam se adher\u00eda a los paros de la CGT y la CTA, cuando el derecho a huelga est\u00e1 contemplado\u201d, agreg\u00f3.<\/p>\n<p>Consultado sobre el cierre de corresponsal\u00edas de T\u00e9lam, donde los despidos alcanzaron a 48 de los 90 periodistas del interior del pa\u00eds, destac\u00f3 que \u201cse nota la discriminaci\u00f3n: en el Litoral y la Mesopotamia desarmaron la estructura de T\u00e9lam en Chaco, Formosa y Misiones pero dejaron intacta la de Corrientes, donde gobierna Cambiemos\u201d. \u201cFue una persecuci\u00f3n selectiva\u201d, manifest\u00f3.<\/p>\n<p>\u201cEst\u00e1n enfermos de odio, gobiernan con odio y por eso destruyen todo\u201d, se\u00f1al\u00f3 Moreau, quien record\u00f3 que Radio Nacional y la TV P\u00fablica cayeron en rating durante el gobierno de Cambiemos y consider\u00f3 que \u201cahora buscan destruir T\u00e9lam\u201d. \u201cEl vaciamiento de agencias, con esto y lo que pas\u00f3 el a\u00f1o pasado con el cierre de DyN, deja sin informaci\u00f3n a peque\u00f1os medios del interior. Eso es lo que esta gente quiere: que saquen la informaci\u00f3n de Clar\u00edn, tener una agenda y una voz \u00fanicas\u201d, advirti\u00f3.<\/p>\n<h6>Fuente: pa\u00b4gina 12<\/h6>\n","protected":false},"excerpt":{"rendered":"<p>El diputado Leopoldo Moreau calific\u00f3 los despidos masivos en la agencia de noticias T\u00e9lam como \u201cuna masacre laboral\u201d, advirti\u00f3 que \u201clos directivos que no van a trabajar y cobran\u201d est\u00e1n incurriendo en \u201cun lockout patronal\u201d <\/p>\n","protected":false},"author":2,"featured_media":79110,"comment_status":"closed","ping_status":"closed","sticky":false,"template":"","format":"standard","meta":{"footnotes":""},"categories":[8],"tags":[21],"class_list":["post-79109","post","type-post","status-publish","format-standard","has-post-thumbnail","hentry","category-informe-nacional","tag-argentina"],"_links":{"self":[{"href":"http:\/\/argentinamunicipal.com.ar\/argentina\/wp-json\/wp\/v2\/posts\/79109","targetHints":{"allow":["GET"]}}],"collection":[{"href":"http:\/\/argentinamunicipal.com.ar\/argentina\/wp-json\/wp\/v2\/posts"}],"about":[{"href":"http:\/\/argentinamunicipal.com.ar\/argentina\/wp-json\/wp\/v2\/types\/post"}],"author":[{"embeddable":true,"href":"http:\/\/argentinamunicipal.com.ar\/argentina\/wp-json\/wp\/v2\/users\/2"}],"replies":[{"embeddable":true,"href":"http:\/\/argentinamunicipal.com.ar\/argentina\/wp-json\/wp\/v2\/comments?post=79109"}],"version-history":[{"count":0,"href":"http:\/\/argentinamunicipal.com.ar\/argentina\/wp-json\/wp\/v2\/posts\/79109\/revisions"}],"wp:featuredmedia":[{"embeddable":true,"href":"http:\/\/argentinamunicipal.com.ar\/argentina\/wp-json\/wp\/v2\/media\/79110"}],"wp:attachment":[{"href":"http:\/\/argentinamunicipal.com.ar\/argentina\/wp-json\/wp\/v2\/media?parent=79109"}],"wp:term":[{"taxonomy":"category","embeddable":true,"href":"http:\/\/argentinamunicipal.com.ar\/argentina\/wp-json\/wp\/v2\/categories?post=79109"},{"taxonomy":"post_tag","embeddable":true,"href":"http:\/\/argentinamunicipal.com.ar\/argentina\/wp-json\/wp\/v2\/tags?post=79109"}],"curies":[{"name":"wp","href":"https:\/\/api.w.org\/{rel}","templated":true}]}}