{"id":79121,"date":"2018-07-16T07:37:05","date_gmt":"2018-07-16T10:37:05","guid":{"rendered":"http:\/\/argentinamunicipal.com.ar\/argentina\/?p=79121"},"modified":"2018-07-16T07:37:05","modified_gmt":"2018-07-16T10:37:05","slug":"rosario-ya-cuenta-con-130-edificios-que-unicamente-utilizan-electricidad","status":"publish","type":"post","link":"http:\/\/argentinamunicipal.com.ar\/argentina\/rosario-ya-cuenta-con-130-edificios-que-unicamente-utilizan-electricidad\/","title":{"rendered":"Rosario ya cuenta con 130 edificios que \u00fanicamente utilizan electricidad"},"content":{"rendered":"<p>Fueron construidos de esa manera y hay 40 m\u00e1s en proyecto. A ese n\u00famero se suman otros 150 que en la actualidad tienen el suministro de gas cortado<\/p>\n<p>Mientras desde la gesti\u00f3n de Mauricio Macri se hace hincapi\u00e9 en el ahorro de energ\u00eda debido al recorte de subsidios y el encarecimiento de las tarifas, en Rosario unos 280 edificios emplean electricidad como \u00fanica fuente de energ\u00eda.<\/p>\n<p>De ese total, 130 son electrointensivos, es decir que fueron planificados y construidos de esa forma, sin conexiones de gas y con la totalidad de dispositivos para calefaccionar , refrigerar, calentar agua y cocinar alimentados por el suministro el\u00e9ctrico.<\/p>\n<p>De acuerdo a los registros de la Empresa Provincial de la Energ\u00eda, a esa cantidad de edificios hay que agregarles los 40 proyectados que ya han hecho pedidos de factibilidad desde 2017 a la fecha y, al igual que en la Ciudad Aut\u00f3noma de Buenos Aires, se espera que ese n\u00famero crezca.<\/p>\n<h6>Fuente: Sin Mordaza<\/h6>\n","protected":false},"excerpt":{"rendered":"<p>Fueron construidos de esa manera y hay 40 m\u00e1s en proyecto. A ese n\u00famero se suman otros 150 que en la actualidad tienen el suministro de gas cortado<\/p>\n","protected":false},"author":2,"featured_media":79122,"comment_status":"closed","ping_status":"closed","sticky":false,"template":"","format":"standard","meta":{"footnotes":""},"categories":[2],"tags":[10],"class_list":["post-79121","post","type-post","status-publish","format-standard","has-post-thumbnail","hentry","category-informe-municipal","tag-santa-fe"],"_links":{"self":[{"href":"http:\/\/argentinamunicipal.com.ar\/argentina\/wp-json\/wp\/v2\/posts\/79121","targetHints":{"allow":["GET"]}}],"collection":[{"href":"http:\/\/argentinamunicipal.com.ar\/argentina\/wp-json\/wp\/v2\/posts"}],"about":[{"href":"http:\/\/argentinamunicipal.com.ar\/argentina\/wp-json\/wp\/v2\/types\/post"}],"author":[{"embeddable":true,"href":"http:\/\/argentinamunicipal.com.ar\/argentina\/wp-json\/wp\/v2\/users\/2"}],"replies":[{"embeddable":true,"href":"http:\/\/argentinamunicipal.com.ar\/argentina\/wp-json\/wp\/v2\/comments?post=79121"}],"version-history":[{"count":0,"href":"http:\/\/argentinamunicipal.com.ar\/argentina\/wp-json\/wp\/v2\/posts\/79121\/revisions"}],"wp:featuredmedia":[{"embeddable":true,"href":"http:\/\/argentinamunicipal.com.ar\/argentina\/wp-json\/wp\/v2\/media\/79122"}],"wp:attachment":[{"href":"http:\/\/argentinamunicipal.com.ar\/argentina\/wp-json\/wp\/v2\/media?parent=79121"}],"wp:term":[{"taxonomy":"category","embeddable":true,"href":"http:\/\/argentinamunicipal.com.ar\/argentina\/wp-json\/wp\/v2\/categories?post=79121"},{"taxonomy":"post_tag","embeddable":true,"href":"http:\/\/argentinamunicipal.com.ar\/argentina\/wp-json\/wp\/v2\/tags?post=79121"}],"curies":[{"name":"wp","href":"https:\/\/api.w.org\/{rel}","templated":true}]}}