{"id":79164,"date":"2018-07-17T07:10:42","date_gmt":"2018-07-17T10:10:42","guid":{"rendered":"http:\/\/argentinamunicipal.com.ar\/argentina\/?p=79164"},"modified":"2018-07-17T07:10:42","modified_gmt":"2018-07-17T10:10:42","slug":"79164-2","status":"publish","type":"post","link":"http:\/\/argentinamunicipal.com.ar\/argentina\/79164-2\/","title":{"rendered":"Ma\u00f1ana el INDEC dar\u00e1 a conocer la inflaci\u00f3n de junio que se estima en 4%, la anual rondar\u00eda el 30%"},"content":{"rendered":"<p>El Instituto Nacional de Estad\u00edsticas y Censos dar\u00e1 a conocer su informe mensual de inflaci\u00f3n, trascendidos indican que la previsi\u00f3n estar\u00e1 entre 3,5 y 4%. Para las consultoras privadas el n\u00famero es similar y estiman que la inflaci\u00f3n anual de 2018 podr\u00eda llegar al 32%.<\/p>\n<p>El\u00a0INDEC\u00a0dar\u00e1 a conocer ma\u00f1ana los dados de inflaci\u00f3n correspondientes junio, que seg\u00fan pudo saber INFOCIELO,\u00a0rondar\u00edan entre 3,5 y 4%. Economistas informaron que\u00a0el n\u00famero ser\u00e1 el m\u00e1s alto de los dos \u00faltimos a\u00f1os.<\/p>\n<p>De seguir la tendencia,\u00a0la inflaci\u00f3n para 2018 tendr\u00eda un piso del 30%, mientras que en el acuerdo firmado con el Fondo Monetario Internacional establece que el aumento de precios en el pa\u00eds oscilar\u00eda entre un 25 a un 32%.<\/p>\n<p>En este contexto los gremios esperan los n\u00fameros oficiales para volver a abrir la paritaria.<\/p>\n<p>La informaci\u00f3n trascendida\u00a0por el INDEC estar\u00eda\u00a0en sinton\u00eda con los\u00a0estudios de las consultoras privadas.\u00a0Eco Go, donde participa el economista Federico Furiase, afirma que la\u00a0inflaci\u00f3n general de junio\u00a0ser\u00e1 de 3,7%. En tanto la medici\u00f3n del Instituto Estad\u00edstico de los Trabajadores ronda el 3,5%.<\/p>\n<p>En cambio para la consultora de\u00a0Orlando Ferreres, junio trajo aumentos de\u00a03,9%,\u00a0motorizada, por ejemplo,\u00a0por una suba del 4,3% en alimentos y bebidas. En tanto para\u00a0Elypsis, la variaci\u00f3n de los precios fue del\u00a03,8%.<\/p>\n<p>La meta de inflaci\u00f3n de 25% parece demasiado optimista, recordemos que a principio de a\u00f1o el Gobierno hab\u00eda anunciado que el aumento de precios anual rondar\u00eda el 15%.\u00a0El documento firmando con el FMI establece para el pr\u00f3ximo a\u00f1o un compromiso de evitar que la inflaci\u00f3n supere el 17%.<\/p>\n<h6>Fuente: InfoCielo<\/h6>\n","protected":false},"excerpt":{"rendered":"<p>El Instituto Nacional de Estad\u00edsticas y Censos dar\u00e1 a conocer su informe mensual de inflaci\u00f3n, trascendidos indican que la previsi\u00f3n estar\u00e1 entre 3,5 y 4%.<\/p>\n","protected":false},"author":2,"featured_media":79165,"comment_status":"closed","ping_status":"closed","sticky":false,"template":"","format":"standard","meta":{"footnotes":""},"categories":[8],"tags":[21],"class_list":["post-79164","post","type-post","status-publish","format-standard","has-post-thumbnail","hentry","category-informe-nacional","tag-argentina"],"_links":{"self":[{"href":"http:\/\/argentinamunicipal.com.ar\/argentina\/wp-json\/wp\/v2\/posts\/79164","targetHints":{"allow":["GET"]}}],"collection":[{"href":"http:\/\/argentinamunicipal.com.ar\/argentina\/wp-json\/wp\/v2\/posts"}],"about":[{"href":"http:\/\/argentinamunicipal.com.ar\/argentina\/wp-json\/wp\/v2\/types\/post"}],"author":[{"embeddable":true,"href":"http:\/\/argentinamunicipal.com.ar\/argentina\/wp-json\/wp\/v2\/users\/2"}],"replies":[{"embeddable":true,"href":"http:\/\/argentinamunicipal.com.ar\/argentina\/wp-json\/wp\/v2\/comments?post=79164"}],"version-history":[{"count":0,"href":"http:\/\/argentinamunicipal.com.ar\/argentina\/wp-json\/wp\/v2\/posts\/79164\/revisions"}],"wp:featuredmedia":[{"embeddable":true,"href":"http:\/\/argentinamunicipal.com.ar\/argentina\/wp-json\/wp\/v2\/media\/79165"}],"wp:attachment":[{"href":"http:\/\/argentinamunicipal.com.ar\/argentina\/wp-json\/wp\/v2\/media?parent=79164"}],"wp:term":[{"taxonomy":"category","embeddable":true,"href":"http:\/\/argentinamunicipal.com.ar\/argentina\/wp-json\/wp\/v2\/categories?post=79164"},{"taxonomy":"post_tag","embeddable":true,"href":"http:\/\/argentinamunicipal.com.ar\/argentina\/wp-json\/wp\/v2\/tags?post=79164"}],"curies":[{"name":"wp","href":"https:\/\/api.w.org\/{rel}","templated":true}]}}