{"id":79173,"date":"2018-07-17T07:27:35","date_gmt":"2018-07-17T10:27:35","guid":{"rendered":"http:\/\/argentinamunicipal.com.ar\/argentina\/?p=79173"},"modified":"2018-07-17T07:27:35","modified_gmt":"2018-07-17T10:27:35","slug":"fuera-del-gobierno-no-hay-quien-apoye-el-acuerdo-con-el-fmi","status":"publish","type":"post","link":"http:\/\/argentinamunicipal.com.ar\/argentina\/fuera-del-gobierno-no-hay-quien-apoye-el-acuerdo-con-el-fmi\/","title":{"rendered":"\u201cFuera del Gobierno, no hay quien apoye el acuerdo con el FMI\u201d"},"content":{"rendered":"<p>En una carta dirigida a la titular del FMI, Christine Lagarde, pr\u00e1cticamente todas las corrientes gremiales, incluidas la CGT y las CTA, los movimientos sociales y la mayor\u00eda de la oposici\u00f3n aseguran que no reconocen la legitimidad del acuerdo y consideran la nueva deuda as\u00ed contra\u00edda como \u201codiosa o execrable\u201d<\/p>\n<p>Un amplio conglomerado opositor le advierte al Fondo Monetario Internacional (FMI) que la deuda pactada entre el organismo y el gobierno de Mauricio Macri es considerada \u201codiosa o execrable\u201d en t\u00e9rminos jur\u00eddicos y que agotar\u00e1 todos los mecanismos parlamentarios y judiciales para desconocerla. En una carta dirigida a la directora gerente del FMI, Christine Lagarde, centenares de dirigentes sindicales de la CGT y las dos CTA, las organizaciones sociales, organismos de derechos humanos, legisladores de las principales bancadas opositoras, artistas, intelectuales, acad\u00e9micos y dirigentes estudiantiles, entidades campesinas, comunidades ind\u00edgenas y organismos defensores de los Derechos Humanos sostienen que de acuerdo a la Constituci\u00f3n Nacional le corresponde al Congreso \u00a0\u201ccontraer empr\u00e9stitos sobre el cr\u00e9dito de la Naci\u00f3n\u201d y \u201carreglar el pago de la deuda interior y exterior de la Naci\u00f3n\u201d. Por lo que los cr\u00e9ditos como las imposiciones econ\u00f3micas del FMI contempladas en la carta de intenci\u00f3n firmada por funcionarios del gobierno nacional deber\u00e1n ser aprobados por el Parlamento, donde todas estas fuerzas asumir\u00e1n la postura \u201cde la mayor\u00eda del pueblo argentino que rechaza el acuerdo\u201d. \u201cEs decir, a excepci\u00f3n del Gobierno, no hay quien apoye este acuerdo\u201d, sostienen los firmantes.<\/p>\n<p>\u201cTambi\u00e9n queremos transmitirle objeciones al uso que har\u00e1 el Gobierno de los cr\u00e9ditos concedidos. La aplicaci\u00f3n de los fondos en estos d\u00edas contradice claramente no s\u00f3lo la b\u00fasqueda del desarrollo humano integral en la Argentina sino los preceptos y objetivos del FMI. M\u00e1s all\u00e1 del llamativo esfuerzo comunicacional por aclarar que el plan econ\u00f3mico es una decisi\u00f3n del se\u00f1or Macri y no una imposici\u00f3n del organismo que usted preside, consideramos que de no tomar inmediatas medidas ello no excusar\u00e1 a usted y al Directorio de su corresponsabilidad en el desfalco que se realiza con fondos del empr\u00e9stito en favor de grupos financiero-especulativos privilegiados y en las desastrosas consecuencias sociales que traer\u00e1 este acuerdo, en particular para los sectores m\u00e1s empobrecidos\u201d, dice uno de los p\u00e1rrafos de la misiva que lleva la firma de dos triunviros cegetistas H\u00e9ctor Daer y Juan Carlos Schmid, el camionero Pablo Moyano, los secretarios generales de las dos CTA, Hugo Yasky y Pablo Micheli; el titular del Suterh, V\u00edctor Santa Mar\u00eda; los dirigentes docentes Sonia Alesso, Eduardo L\u00f3pez y Roberto Baradel, Roberto Pianelli, Daniel Catalano, entre decenas de sindicatos. Los Trabajadores de la Econom\u00eda Popular (CTEP), movimientos sociales como el Movimiento Evita y Libres del Sur, as\u00ed como cooperativas y f\u00e1bricas recuperadas. Estela de Carlotto, Madres de Plaza de Mayo-L\u00ednea Fundadora,Hijos, el premio Nobel de la Paz, Adolfo P\u00e9rez Esquivel.<\/p>\n<p>En otra parte de la misiva que describe el grave panorama de la deuda externa y del pa\u00eds, se sostiene que \u201cel d\u00e9ficit fiscal al que se apela para justificar la colocaci\u00f3n de deuda es en gran medida producto de una serie de decisiones gubernamentales destinadas a aumentar la rentabilidad de sectores econ\u00f3micos concentrados, cuyos privilegios viene a financiar este nuevo empr\u00e9stito. El caso emblem\u00e1tico son los beneficios impositivos otorgados al complejo de los grandes agroexportadores y corporaciones mineras. La quita generalizada de retenciones ya produjo p\u00e9rdidas al Estado valuadas en U$S 5500 millones, que quedaron en muy pocas manos. En el mismo sentido, la eliminaci\u00f3n de las obligaciones vinculadas a la liquidaci\u00f3n local de las exportaciones en plazos razonables tuvo como consecuencia una conducta especulativa que agrav\u00f3 esta injusticia distributiva en perjuicio del pa\u00eds: las divisas se retuvieron en el exterior para forzar un tipo de cambio m\u00e1s favorable a sus intereses, al racionar la oferta de d\u00f3lares en la plaza local\u201d.<\/p>\n<p>Entre las decenas de legisladores que estamparon su firma figuran del FpV-PJ, entre otros Jos\u00e9 Luis Gioja, Agust\u00edn Rossi, M\u00e1ximo Kirchner, Axel Kicillof, Jorge Capitanich. Por el Frente Renovador Felipe Sol\u00e1, Facundo Moyano y Daniel Arroyo; Victoria Donda de Libres del Sur, Fernando \u201cPino\u201d Solanas, el ex gobernador socialista de Santa Fe Antonio Bonfatti; legisladores del Mercosur, intendentes de distintas ciudades (entre ellos Ver\u00f3nica Magario de La Matanza) dirigentes del Movimiento Evita como Emilio P\u00e9rsico y Fernando \u201cChino\u201d Navarro, y sociales como Juan Grabois, y much\u00edsimos mas representantes de distintas fuerzas pol\u00edticas y estudiantiles.<\/p>\n<p>\u201cLa misma l\u00f3gica \u2013contin\u00faa la carta al FMI\u2013 puede aplicarse al resto de las actividades extractivas y los privilegios impositivos que beneficiaron a los sectores m\u00e1s acomodados como la reducci\u00f3n de impuestos a los bienes personales. Lejos de corregir estas injusticias que distorsionan las cuentas p\u00fablicas, las medidas establecidas en el Memor\u00e1ndum y el Acuerdo las agravan.\u201d<\/p>\n<p>Tambi\u00e9n hay un p\u00e1rrafo destinado a la utilizaci\u00f3n de los cr\u00e9ditos para favorecer la \u201cfuga de capitales\u201d con nombres propios de los favorecidos con las medidas implementadas por el Gobierno: \u201cEntre el 19 de abril al 21 de junio de 2018 tuvieron lugar a la vez tres fen\u00f3menos que nunca deber\u00edan haber ocurrido simult\u00e1neamente. La tasa de inter\u00e9s en pesos pas\u00f3 de 26.3 a 47 por ciento anual, el tipo de cambio (pesos-d\u00f3lares) creci\u00f3 de 20,16 a \u00a027,55 y, por su parte, las reservas se redujeron desde U$S 62.456 millones a U$S 48.478 millones. En este marco, se realizaron innumerables operaciones que favorecieron intereses especulativos de inversores locales, extranjeros y a los propios funcionarios permiti\u00e9ndoles la dolarizaci\u00f3n de sus carteras a tasas de cambio que resultaron ser 35 por ciento menores que las que hoy imperan. Entre las m\u00e1s resonantes, podemos citar el caso de JP Morgan, o el del fondo de inversi\u00f3n Templeton\u201d.<\/p>\n<p>La carta tambi\u00e9n advierte a Lagarde que \u201cel d\u00eda 20 de junio del corriente a\u00f1o, el Directorio del FMI dio por aprobado el acuerdo stand by con la Rep\u00fablica Argentina\u201d, al tiempo que \u201cpocos d\u00edas antes, se hab\u00eda dado a conocer la Carta de Intenci\u00f3n fechada el d\u00eda 13 de junio y firmada el 07 de julio de 2018 por dos funcionarios del Poder Ejecutivo, uno de los cuales, presidente del BCRA, fue relevado de su funci\u00f3n y el otro ascendido al cargo de Ministro Coordinador\u201d.<\/p>\n<p>Tambi\u00e9n se vertieron las explicaciones pol\u00edticas que sostienen la ilegitimad del acuerdo con el FMI.\u201dEl prop\u00f3sito de esta comunicaci\u00f3n es informarle que dicho acuerdo es rechazado por la mayor\u00eda de la sociedad argentina, la oposici\u00f3n pol\u00edtica con representaci\u00f3n parlamentaria mayoritaria y casi la totalidad de las organizaciones sociales y pol\u00edticas del pa\u00eds. Es decir, a excepci\u00f3n del Gobierno, no hay quien apoye este acuerdo. El propio presidente de la Naci\u00f3n, ingeniero Mauricio Macri, tanto en su campa\u00f1a electoral como en el ejercicio de su cargo, se comprometi\u00f3 expl\u00edcitamente a no solicitar ning\u00fan pr\u00e9stamo ni a firmar un acuerdo con el FMI. Lo mismo hicieron todos los ministros del \u00e1rea econ\u00f3mica\u201d, arrancan los centenares de firmantes de todo el grueso del arco opositor.<\/p>\n<p>Definiciones que dejan en claro un mensaje para Lagarde: \u00a0\u201cComprender\u00e1 Usted que, por tanto, se trata de una decisi\u00f3n no s\u00f3lo inconsulta sino que adem\u00e1s configura una clara violaci\u00f3n de los compromisos asumidos por el actual gobierno con una sociedad que lleva en su memoria el desastroso papel jugado por el FMI a lo largo de nuestra historia. Esta circunstancia pone claramente en cuesti\u00f3n la legitimidad del acuerdo\u201d.<\/p>\n<h6>Fuente: P\u00e1gina 12<\/h6>\n","protected":false},"excerpt":{"rendered":"<p>En una carta dirigida a la titular del FMI, Christine Lagarde, pr\u00e1cticamente todas las corrientes gremiales, incluidas la CGT y las CTA, los movimientos sociales y la mayor\u00eda de la oposici\u00f3n aseguran que no reconocen la legitimidad del acuerdo <\/p>\n","protected":false},"author":2,"featured_media":79174,"comment_status":"closed","ping_status":"closed","sticky":false,"template":"","format":"standard","meta":{"footnotes":""},"categories":[8],"tags":[21],"class_list":["post-79173","post","type-post","status-publish","format-standard","has-post-thumbnail","hentry","category-informe-nacional","tag-argentina"],"_links":{"self":[{"href":"http:\/\/argentinamunicipal.com.ar\/argentina\/wp-json\/wp\/v2\/posts\/79173","targetHints":{"allow":["GET"]}}],"collection":[{"href":"http:\/\/argentinamunicipal.com.ar\/argentina\/wp-json\/wp\/v2\/posts"}],"about":[{"href":"http:\/\/argentinamunicipal.com.ar\/argentina\/wp-json\/wp\/v2\/types\/post"}],"author":[{"embeddable":true,"href":"http:\/\/argentinamunicipal.com.ar\/argentina\/wp-json\/wp\/v2\/users\/2"}],"replies":[{"embeddable":true,"href":"http:\/\/argentinamunicipal.com.ar\/argentina\/wp-json\/wp\/v2\/comments?post=79173"}],"version-history":[{"count":0,"href":"http:\/\/argentinamunicipal.com.ar\/argentina\/wp-json\/wp\/v2\/posts\/79173\/revisions"}],"wp:featuredmedia":[{"embeddable":true,"href":"http:\/\/argentinamunicipal.com.ar\/argentina\/wp-json\/wp\/v2\/media\/79174"}],"wp:attachment":[{"href":"http:\/\/argentinamunicipal.com.ar\/argentina\/wp-json\/wp\/v2\/media?parent=79173"}],"wp:term":[{"taxonomy":"category","embeddable":true,"href":"http:\/\/argentinamunicipal.com.ar\/argentina\/wp-json\/wp\/v2\/categories?post=79173"},{"taxonomy":"post_tag","embeddable":true,"href":"http:\/\/argentinamunicipal.com.ar\/argentina\/wp-json\/wp\/v2\/tags?post=79173"}],"curies":[{"name":"wp","href":"https:\/\/api.w.org\/{rel}","templated":true}]}}