{"id":79179,"date":"2018-07-17T07:35:32","date_gmt":"2018-07-17T10:35:32","guid":{"rendered":"http:\/\/argentinamunicipal.com.ar\/argentina\/?p=79179"},"modified":"2018-07-17T07:35:32","modified_gmt":"2018-07-17T10:35:32","slug":"a-raiz-de-la-crisis-el-consumo-de-productos-masivos-cayo-9-en-el-ultimo-bimestre","status":"publish","type":"post","link":"http:\/\/argentinamunicipal.com.ar\/argentina\/a-raiz-de-la-crisis-el-consumo-de-productos-masivos-cayo-9-en-el-ultimo-bimestre\/","title":{"rendered":"A ra\u00edz de la crisis, el consumo de productos masivos cay\u00f3 9% en el \u00faltimo bimestre"},"content":{"rendered":"<p>Desde el Instituto de Estudio de Consumo Masivo (Indecom) dieron a conocer que la baja se dio por el impacto de la devaluaci\u00f3n en los precios.<\/p>\n<p>El presidente del Instituto de Estudio de Consumo Masivo (Indecom), Miguel \u00c1ngel Calvete, manifest\u00f3 que \u00abel consumo de productos masivos cay\u00f3 un 9% en el \u00faltimo bimestre a ra\u00edz del impacto de la devaluaci\u00f3n en los precios y en el comportamiento de los consumidores\u00bb.<\/p>\n<p>Entonces dijo que\u00a0\u00abdescendi\u00f3 el consumo de bienes durables\u00bb\u00a0y que se registra un cambio en los h\u00e1bitos de consumo, como la migraci\u00f3n de los consumidores al canal mayorista o las ferias barriales\u00bb.<\/p>\n<p>Calvete, quien tambi\u00e9n preside la Federaci\u00f3n de Supermercados y Asociaciones Chinas, denunci\u00f3 la \u00abfuerte distorsi\u00f3n de precios\u00bb y plante\u00f3 que \u00ablo que falta en Argentina es tener precios de referencia\u00bb.<\/p>\n<p>En declaraciones a Radio Cooperativa, sostuvo que \u00abel nivel de cheques rechazados en de m\u00e1s del 150% y la tasa anual de descuentos est\u00e1 por encima del 100%, mientras que los plazos de cobro se est\u00e1n estirando en un promedio de 30 a 35 originales\u00bb.<\/p>\n<p>\u00abNo hay corte de la cadena de pago, pero s\u00ed un retraso\u00bb, consider\u00f3 y agreg\u00f3 que \u00abhasta que no se tomen medidas de fondo sobre las Pymes, la situaci\u00f3n es complicada\u00bb.<\/p>\n<h6>Fuente: InfoCielo<\/h6>\n","protected":false},"excerpt":{"rendered":"<p>Desde el Instituto de Estudio de Consumo Masivo (Indecom) dieron a conocer que la baja se dio por el impacto de la devaluaci\u00f3n en los precios.<\/p>\n","protected":false},"author":2,"featured_media":79180,"comment_status":"closed","ping_status":"closed","sticky":false,"template":"","format":"standard","meta":{"footnotes":""},"categories":[8],"tags":[21],"class_list":["post-79179","post","type-post","status-publish","format-standard","has-post-thumbnail","hentry","category-informe-nacional","tag-argentina"],"_links":{"self":[{"href":"http:\/\/argentinamunicipal.com.ar\/argentina\/wp-json\/wp\/v2\/posts\/79179","targetHints":{"allow":["GET"]}}],"collection":[{"href":"http:\/\/argentinamunicipal.com.ar\/argentina\/wp-json\/wp\/v2\/posts"}],"about":[{"href":"http:\/\/argentinamunicipal.com.ar\/argentina\/wp-json\/wp\/v2\/types\/post"}],"author":[{"embeddable":true,"href":"http:\/\/argentinamunicipal.com.ar\/argentina\/wp-json\/wp\/v2\/users\/2"}],"replies":[{"embeddable":true,"href":"http:\/\/argentinamunicipal.com.ar\/argentina\/wp-json\/wp\/v2\/comments?post=79179"}],"version-history":[{"count":0,"href":"http:\/\/argentinamunicipal.com.ar\/argentina\/wp-json\/wp\/v2\/posts\/79179\/revisions"}],"wp:featuredmedia":[{"embeddable":true,"href":"http:\/\/argentinamunicipal.com.ar\/argentina\/wp-json\/wp\/v2\/media\/79180"}],"wp:attachment":[{"href":"http:\/\/argentinamunicipal.com.ar\/argentina\/wp-json\/wp\/v2\/media?parent=79179"}],"wp:term":[{"taxonomy":"category","embeddable":true,"href":"http:\/\/argentinamunicipal.com.ar\/argentina\/wp-json\/wp\/v2\/categories?post=79179"},{"taxonomy":"post_tag","embeddable":true,"href":"http:\/\/argentinamunicipal.com.ar\/argentina\/wp-json\/wp\/v2\/tags?post=79179"}],"curies":[{"name":"wp","href":"https:\/\/api.w.org\/{rel}","templated":true}]}}