{"id":79182,"date":"2018-07-17T06:35:47","date_gmt":"2018-07-17T09:35:47","guid":{"rendered":"http:\/\/argentinamunicipal.com.ar\/argentina\/?p=79182"},"modified":"2018-07-17T07:39:01","modified_gmt":"2018-07-17T10:39:01","slug":"sector-financiero-en-zona-de-estres","status":"publish","type":"post","link":"http:\/\/argentinamunicipal.com.ar\/argentina\/sector-financiero-en-zona-de-estres\/","title":{"rendered":"Sector financiero en \u201czona de estr\u00e9s\u201d"},"content":{"rendered":"<p>Las condiciones financieras de la econom\u00eda argentina sufrieron en junio la mayor ca\u00edda mensual desde que Mauricio Macri es presidente, y entraron en \u201czona de estr\u00e9s\u201d por primera vez desde enero de 2016, de acuerdo con un informe difundido ayer por el Instituto Argentino de Ejecutivos de Finanzas (IAEF). El trabajo \u2013realizado en conjunto con la consultora Econviews\u2013 sostuvo que la ca\u00edda fue consecuencia de la devaluaci\u00f3n, la inflaci\u00f3n, las tasas de inter\u00e9s y la liquidez de largo plazo.<\/p>\n<p>\u201cHay que remontarse a 2012, es decir, a los meses posteriores a la puesta en vigencia del cepo cambiario, para encontrar deterioros en las condiciones financieras de una mayor magnitud\u201d, advirti\u00f3 el informe. Las condiciones externas a la econom\u00eda local tambi\u00e9n se deterioraron en junio, sobre todo por un incremento en el riesgo emergente y europeo y una mayor volatilidad en los futuros de commodities, indic\u00f3 el IAEF.<\/p>\n<p>En consecuencia, la entidad puntualiz\u00f3 que el deterioro en las condiciones locales y externas, provoc\u00f3 que el \u00cdndice de Condiciones Financieras (ICF) sufra en junio una ca\u00edda de 21.2 puntos, el tercer mayor retroceso de los \u00faltimos cuatro a\u00f1os, acumulando as\u00ed cinco ca\u00eddas mensuales consecutivas.<\/p>\n<p>El ICF se encuentra 53.2 puntos por debajo de un a\u00f1o atr\u00e1s, un deterioro anual explicado por una ca\u00edda de 40.2 puntos en las condiciones locales y de 12.8 puntos en las externas, explic\u00f3 el IAEF. Seg\u00fan el informe distribuido a la prensa, nueve de diez variables que componen al \u00edndice local empeoraron, destac\u00e1ndose la devaluaci\u00f3n esperada, la inflaci\u00f3n y la tasa de inter\u00e9s, que ingresaron en zona de \u201cestr\u00e9s severo\u201d.<\/p>\n<p>La \u00fanica variable que mostr\u00f3 una mejora mensual fue la confianza en los bancos, debido a un repunte de los dep\u00f3sitos en d\u00f3lares. Para el IAEF, el deterioro de las condiciones financieras locales en los \u00faltimos dos meses \u201cno fue mayor por una notable mejora en la liquidez de corto plazo, que es un subproducto de la crisis cambiaria\u201d.<\/p>\n<h6>Fuente: P\u00e1gina 12<\/h6>\n","protected":false},"excerpt":{"rendered":"<p>Las condiciones financieras de la econom\u00eda argentina sufrieron en junio la mayor ca\u00edda mensual desde que Mauricio Macri es presidente, y entraron en \u201czona de estr\u00e9s\u201d por primera vez desde enero de 2016<\/p>\n","protected":false},"author":2,"featured_media":79183,"comment_status":"closed","ping_status":"closed","sticky":false,"template":"","format":"standard","meta":{"footnotes":""},"categories":[8],"tags":[21],"class_list":["post-79182","post","type-post","status-publish","format-standard","has-post-thumbnail","hentry","category-informe-nacional","tag-argentina"],"_links":{"self":[{"href":"http:\/\/argentinamunicipal.com.ar\/argentina\/wp-json\/wp\/v2\/posts\/79182","targetHints":{"allow":["GET"]}}],"collection":[{"href":"http:\/\/argentinamunicipal.com.ar\/argentina\/wp-json\/wp\/v2\/posts"}],"about":[{"href":"http:\/\/argentinamunicipal.com.ar\/argentina\/wp-json\/wp\/v2\/types\/post"}],"author":[{"embeddable":true,"href":"http:\/\/argentinamunicipal.com.ar\/argentina\/wp-json\/wp\/v2\/users\/2"}],"replies":[{"embeddable":true,"href":"http:\/\/argentinamunicipal.com.ar\/argentina\/wp-json\/wp\/v2\/comments?post=79182"}],"version-history":[{"count":0,"href":"http:\/\/argentinamunicipal.com.ar\/argentina\/wp-json\/wp\/v2\/posts\/79182\/revisions"}],"wp:featuredmedia":[{"embeddable":true,"href":"http:\/\/argentinamunicipal.com.ar\/argentina\/wp-json\/wp\/v2\/media\/79183"}],"wp:attachment":[{"href":"http:\/\/argentinamunicipal.com.ar\/argentina\/wp-json\/wp\/v2\/media?parent=79182"}],"wp:term":[{"taxonomy":"category","embeddable":true,"href":"http:\/\/argentinamunicipal.com.ar\/argentina\/wp-json\/wp\/v2\/categories?post=79182"},{"taxonomy":"post_tag","embeddable":true,"href":"http:\/\/argentinamunicipal.com.ar\/argentina\/wp-json\/wp\/v2\/tags?post=79182"}],"curies":[{"name":"wp","href":"https:\/\/api.w.org\/{rel}","templated":true}]}}