{"id":79200,"date":"2018-07-17T06:06:11","date_gmt":"2018-07-17T09:06:11","guid":{"rendered":"http:\/\/argentinamunicipal.com.ar\/argentina\/?p=79200"},"modified":"2018-07-17T08:10:40","modified_gmt":"2018-07-17T11:10:40","slug":"relevan-comercios-rosarinos-que-cerraron-sus-puertas-por-los-tarifazos-y-el-ajuste","status":"publish","type":"post","link":"http:\/\/argentinamunicipal.com.ar\/argentina\/relevan-comercios-rosarinos-que-cerraron-sus-puertas-por-los-tarifazos-y-el-ajuste\/","title":{"rendered":"Relevan comercios rosarinos que cerraron sus puertas por los tarifazos y el ajuste"},"content":{"rendered":"<p>La Multisectorial contra los Tarifazos sali\u00f3 a recorrer la ciudad para identificar los comercios que cerraron sus puertas en el \u00faltimo tiempo, justamente producto del aumento de los servicios p\u00fablicos y la ca\u00edda del consumo.<\/p>\n<p>La Multisectorial contra los Tarifazos sali\u00f3 a recorrer la ciudad para identificar los comercios que cerraron sus puertas en el \u00faltimo tiempo, justamente producto del aumento de los servicios p\u00fablicos y la ca\u00edda del consumo. Durante la tarde de ayer realizaron la primera ronda de \u00abpegatina\u00bb en la zona c\u00e9ntrica y detectaron 150 locales desocupados. En la vidrieras que alguna vez supieron estar repletas de productos pegaron carteles con la leyenda \u00abEste negocio y sus trabajadores fueron v\u00edctimas del tarifazo y el ajuste\u00bb.<\/p>\n<p>Desde la Concejal\u00eda Popular de Rosario estimaron que hoy en d\u00eda hay 3.500 locales cerrados y 650 bajaron sus persianas en los \u00faltimos 6 meses.<\/p>\n<p>Juan Milito, presidente del Centro Uni\u00f3n de Almaceneros, cont\u00f3 que la movida se realizar\u00e1 en toda la ciudad con el objetivo de visibilizar ante la poblaci\u00f3n \u00abla profundizaci\u00f3n de la crisis\u00bb. Ayer se recorrieron calles de la zona centro y hoy la movida se trasladar\u00e1 a zona sur, zona oeste y Alberdi.<\/p>\n<p>El integrante de la Multisectorial contra los Tarifazos detall\u00f3 que pegaron carteles en los lugares donde hab\u00eda un comercio hasta hace muy poco tiempo atr\u00e1s. Adem\u00e1s, la idea es relevar la cantidad de locales vac\u00edos ya que no se cuentan con datos concretos a trav\u00e9s de la Municipalidad porque los comerciantes no dan la baja. \u00abEn el rubro almac\u00e9n, el que cierra es porque se funde y no da la baja que corresponde\u00bb, explic\u00f3<\/p>\n<p>Milito dijo que \u00abes impresionante\u00bb la cantidad de comercios que cerraron. \u00abLas cosas cada d\u00eda van empeorando. Los tarifazos est\u00e1n haciendo mella en los comercios y en las pymes\u00bb, manifest\u00f3, al tiempo que llam\u00f3 \u00aba resistir esta pol\u00edtica que est\u00e1 perjudicando a todos los argentinos\u00bb.<\/p>\n<p><strong>Cadena de pago<\/strong><\/p>\n<p>Por otra parte, el 74,7 por ciento de los empresarios de comercio y servicios de la provincia de C\u00f3rdoba asegur\u00f3 haber sufrido \u00abalg\u00fan tipo de problema\u00bb en su cadena de pagos durante el segundo trimestre de 2018, de acuerdo con un informe difundido ayer por la Federaci\u00f3n Comercial de C\u00f3rdoba (Fedecom).<\/p>\n<p>Para el 51 por ciento de los consultados, el principal problema que sufrieron fue \u00abla falta de liquidez\u00bb, seguido por la demora en los plazos de pago a proveedores (25 por ciento) y cheques no pagados por los clientes (15 por ciento).<\/p>\n<h6>Fuente: La Capital<\/h6>\n","protected":false},"excerpt":{"rendered":"<p>La Multisectorial contra los Tarifazos sali\u00f3 a recorrer la ciudad para identificar los comercios que cerraron sus puertas en el \u00faltimo tiempo, justamente producto del aumento de los servicios p\u00fablicos y la ca\u00edda del consumo.<\/p>\n","protected":false},"author":2,"featured_media":79201,"comment_status":"closed","ping_status":"closed","sticky":false,"template":"","format":"standard","meta":{"footnotes":""},"categories":[2],"tags":[10],"class_list":["post-79200","post","type-post","status-publish","format-standard","has-post-thumbnail","hentry","category-informe-municipal","tag-santa-fe"],"_links":{"self":[{"href":"http:\/\/argentinamunicipal.com.ar\/argentina\/wp-json\/wp\/v2\/posts\/79200","targetHints":{"allow":["GET"]}}],"collection":[{"href":"http:\/\/argentinamunicipal.com.ar\/argentina\/wp-json\/wp\/v2\/posts"}],"about":[{"href":"http:\/\/argentinamunicipal.com.ar\/argentina\/wp-json\/wp\/v2\/types\/post"}],"author":[{"embeddable":true,"href":"http:\/\/argentinamunicipal.com.ar\/argentina\/wp-json\/wp\/v2\/users\/2"}],"replies":[{"embeddable":true,"href":"http:\/\/argentinamunicipal.com.ar\/argentina\/wp-json\/wp\/v2\/comments?post=79200"}],"version-history":[{"count":0,"href":"http:\/\/argentinamunicipal.com.ar\/argentina\/wp-json\/wp\/v2\/posts\/79200\/revisions"}],"wp:featuredmedia":[{"embeddable":true,"href":"http:\/\/argentinamunicipal.com.ar\/argentina\/wp-json\/wp\/v2\/media\/79201"}],"wp:attachment":[{"href":"http:\/\/argentinamunicipal.com.ar\/argentina\/wp-json\/wp\/v2\/media?parent=79200"}],"wp:term":[{"taxonomy":"category","embeddable":true,"href":"http:\/\/argentinamunicipal.com.ar\/argentina\/wp-json\/wp\/v2\/categories?post=79200"},{"taxonomy":"post_tag","embeddable":true,"href":"http:\/\/argentinamunicipal.com.ar\/argentina\/wp-json\/wp\/v2\/tags?post=79200"}],"curies":[{"name":"wp","href":"https:\/\/api.w.org\/{rel}","templated":true}]}}