{"id":79231,"date":"2018-07-18T05:51:15","date_gmt":"2018-07-18T08:51:15","guid":{"rendered":"http:\/\/argentinamunicipal.com.ar\/argentina\/?p=79231"},"modified":"2018-07-17T18:53:59","modified_gmt":"2018-07-17T21:53:59","slug":"verdurazo-frente-a-la-rural","status":"publish","type":"post","link":"http:\/\/argentinamunicipal.com.ar\/argentina\/verdurazo-frente-a-la-rural\/","title":{"rendered":"Verdurazo frente a La Rural"},"content":{"rendered":"<p>La protesta fue convocada para este mi\u00e9rcoles a las 10 frente a La Rural. Los peque\u00f1os productores reclaman contra la decisi\u00f3n del Ministerio de Agroindustria de eliminar el Monotributo Social Agropecuario, que beneficiaba a m\u00e1s de 50.000 familias de bajos recursos. \u00abEstamos viviendo una crisis terminal\u00bb, advirtieron.<\/p>\n<p>Los peque\u00f1os productores de verdura volver\u00e1n a reclamar contra la falta de pol\u00edticas p\u00fablicas para promover la agricultura familiar y la reciente decisi\u00f3n del Ministerio de Agroindustria de eliminar el Monotributo Social Agropecuario, que les permit\u00eda a miles de peque\u00f1os productores acceder a la obra social y aportes jubilatorios. Como ya instalaron como forma de protesta, buscar\u00e1n visibilizar su reclamo con un nuevo verdurazo, esta vez frente a La Rural, donde regalar\u00e1n diez mil kilos de verdura.<\/p>\n<p>La protesta fue convocada para este mi\u00e9rcoles, a las 10, en las puertas del predio ferial de La Rural, donde hace unos d\u00edas comenz\u00f3 ExpoRural 2018, evento que re\u00fane a los grandes ganaderos.<\/p>\n<p>A mediados de junio, los peque\u00f1os productores agrupados en la Uni\u00f3n de Trabajadores de la Tierra (UTT) presentaron un amparo para denunciar el congelamiento del acceso al monotributo especialmente pensado para las familias productoras de bajos recursos, que viv\u00edan en la informalidad. A partir de su creaci\u00f3n, en 2009, unos 50.000 agricultores pudieron tramitarlo e incluir a sus familias en la cobertura de salud que alcanz\u00f3 a cien mil beneficiarios.<\/p>\n<p>Unos d\u00edas m\u00e1s tarde, el 29 de junio,\u00a0la cartera que conduce Luis Miguel Etchevehere redobl\u00f3 la apuesta y a modo de respuesta elimin\u00f3 completamente el beneficio. Las autoridades pusieron un plazo de diez d\u00edas para que los peque\u00f1os productores se reempadronen en el monotributo social que otorga Desarrollo Social, que s\u00f3lo cubre una parte del beneficio que percib\u00edan las familias.<\/p>\n<p>\u201cEste 18 de julio el otro campo, que produce alimentos\u00a0para millones de familias, que no exporta ni especula con el d\u00f3lar, realizar\u00e1 un verdurazo en la puerta de La Rural para expresar la cr\u00edtica situaci\u00f3n de su sector\u201d, convocaron a la protesta desde la UTT.<\/p>\n<p>Los peque\u00f1os productores advirtieron que est\u00e1n viviendo \u201cuna crisis terminal, sin precedentes\u201d. \u201cEn un contexto de recesi\u00f3n, donde el d\u00f3lar aument\u00f3 m\u00e1s del 50 por ciento en menos de tres meses, aumentaron las tarifas, el combustible y la renta de la tierra, el Gobierno decidi\u00f3 quitar la \u00fanica herramienta de pol\u00edtica p\u00fablica que quedaba para el sector: el Monotributo Social Agropecuario \u201d, denunciaron en un comunicado.<\/p>\n<p>Desde la UTT tambi\u00e9n denunciaron que le recorte del MSA no responde a un ahorro en el gasto p\u00fablico, ya que s\u00f3lo representa una partida presupuestaria de 12 millones de d\u00f3lares, un monto menor frente a los miles de millones de d\u00f3lares que significa\u00a0la quita de las retenciones y los beneficios al sector del campo m\u00e1s concentrado, \u201cque hoy festeja sus privilegios en La Rural\u201d.<\/p>\n<p>\u201cEn La Rural se expresa el supuesto modelo exitoso, de gran producci\u00f3n y exportaci\u00f3n que el Gobierno tanto apoya pero que no produce alimentos para el pueblo argentino y est\u00e1 destruyendo los \u00faltimos bosques nativos, la calidad de los suelos e impulsando desalojos de familias campesinas e ind\u00edgenas\u201d, dijeron por \u00faltimo los peque\u00f1os productores, quienes se concentrar\u00e1n frente al predio, a partir de las 10, para regalar diez mil kilos de verduras.<\/p>\n<h6>Fuente: P\u00e1gina 12<\/h6>\n","protected":false},"excerpt":{"rendered":"<p>La protesta fue convocada para este mi\u00e9rcoles a las 10 frente a La Rural. Los peque\u00f1os productores reclaman contra la decisi\u00f3n del Ministerio de Agroindustria de eliminar el Monotributo Social Agropecuario<\/p>\n","protected":false},"author":2,"featured_media":79232,"comment_status":"closed","ping_status":"closed","sticky":false,"template":"","format":"standard","meta":{"footnotes":""},"categories":[8],"tags":[21],"class_list":["post-79231","post","type-post","status-publish","format-standard","has-post-thumbnail","hentry","category-informe-nacional","tag-argentina"],"_links":{"self":[{"href":"http:\/\/argentinamunicipal.com.ar\/argentina\/wp-json\/wp\/v2\/posts\/79231","targetHints":{"allow":["GET"]}}],"collection":[{"href":"http:\/\/argentinamunicipal.com.ar\/argentina\/wp-json\/wp\/v2\/posts"}],"about":[{"href":"http:\/\/argentinamunicipal.com.ar\/argentina\/wp-json\/wp\/v2\/types\/post"}],"author":[{"embeddable":true,"href":"http:\/\/argentinamunicipal.com.ar\/argentina\/wp-json\/wp\/v2\/users\/2"}],"replies":[{"embeddable":true,"href":"http:\/\/argentinamunicipal.com.ar\/argentina\/wp-json\/wp\/v2\/comments?post=79231"}],"version-history":[{"count":0,"href":"http:\/\/argentinamunicipal.com.ar\/argentina\/wp-json\/wp\/v2\/posts\/79231\/revisions"}],"wp:featuredmedia":[{"embeddable":true,"href":"http:\/\/argentinamunicipal.com.ar\/argentina\/wp-json\/wp\/v2\/media\/79232"}],"wp:attachment":[{"href":"http:\/\/argentinamunicipal.com.ar\/argentina\/wp-json\/wp\/v2\/media?parent=79231"}],"wp:term":[{"taxonomy":"category","embeddable":true,"href":"http:\/\/argentinamunicipal.com.ar\/argentina\/wp-json\/wp\/v2\/categories?post=79231"},{"taxonomy":"post_tag","embeddable":true,"href":"http:\/\/argentinamunicipal.com.ar\/argentina\/wp-json\/wp\/v2\/tags?post=79231"}],"curies":[{"name":"wp","href":"https:\/\/api.w.org\/{rel}","templated":true}]}}