{"id":79249,"date":"2018-07-18T07:08:09","date_gmt":"2018-07-18T10:08:09","guid":{"rendered":"http:\/\/argentinamunicipal.com.ar\/argentina\/?p=79249"},"modified":"2018-07-18T07:08:09","modified_gmt":"2018-07-18T10:08:09","slug":"79249-2","status":"publish","type":"post","link":"http:\/\/argentinamunicipal.com.ar\/argentina\/79249-2\/","title":{"rendered":"La UCA advierte con un semestre \u201cdif\u00edcil\u201d que \u00abprofundizar\u00e1\u00bb la pobreza e indigencia"},"content":{"rendered":"<p>El director del Observatorio de la Deuda Social de la Universidad Cat\u00f3lica Argentina, Agust\u00edn Salvia, sostuvo que \u201cva a ser dif\u00edcil que los sectores bajos puedan sostener la crisis\u201d.<\/p>\n<p>Tras el informe realizado por el\u00a0Observatorio de la Deuda Social de la Universidad Cat\u00f3lica Argentina\u00a0en colaboraci\u00f3n con la\u00a0Defensor\u00eda del Pueblo de la Provincia de Buenos Aires, donde se indic\u00f3 que\u00a054.2% de los chicos es pobre y que el 37,7% recibe de forma diaria alimentos de los diferentes comedores, se profundiza las consecuencias de la crisis que atraviesa el pa\u00eds. En ese marco,\u00a0desde la casa de altos estudios pronostican meses m\u00e1s dif\u00edciles.<\/p>\n<p>En ese aspecto,\u00a0el director del Observatorio de la Deuda Social de la UCA, Agust\u00edn Salvia, sentenci\u00f3: \u201cVa a ser dif\u00edcil que los sectores bajos puedan sostener la crisis\u201d.<\/p>\n<p>\u201cHay poco colch\u00f3n para sostener esta recesi\u00f3n, por lo cual puede ser que incluso la situaci\u00f3n sea un poco m\u00e1s grave hoy a la del 2016\u201d, afirm\u00f3. Entonces se\u00f1al\u00f3 que\u00a0adem\u00e1s la inflaci\u00f3n \u201cagrava la capacidad de trabajo en el sector informal, que los pobres complementan con ingresos de programas sociales y con changas\u201d.<\/p>\n<p>En declaraciones a FM La Patriada, manifest\u00f3 que \u201cobviamente esto lleva a que esos sectores de clase media baja caigan en situaci\u00f3n de pobreza por ingreso, que se profundice la pobreza, incluso la indigencia, dado que los programas sociales constituyen un piso m\u00ednimo de ingreso, sin los cuales la pobreza e indigencia se duplicar\u00edan. Eso hace que se agrave la situaci\u00f3n y en este semestre tengamos indicadores de pobreza que han crecido en t\u00e9rminos de ingresos\u201d.<\/p>\n<h6>Fuetne: InfoCielo<\/h6>\n","protected":false},"excerpt":{"rendered":"<p>El director del Observatorio de la Deuda Social de la Universidad Cat\u00f3lica Argentina, Agust\u00edn Salvia, sostuvo que \u201cva a ser dif\u00edcil que los sectores bajos puedan sostener la crisis\u201d.<\/p>\n","protected":false},"author":2,"featured_media":79250,"comment_status":"closed","ping_status":"closed","sticky":false,"template":"","format":"standard","meta":{"footnotes":""},"categories":[8],"tags":[21],"class_list":["post-79249","post","type-post","status-publish","format-standard","has-post-thumbnail","hentry","category-informe-nacional","tag-argentina"],"_links":{"self":[{"href":"http:\/\/argentinamunicipal.com.ar\/argentina\/wp-json\/wp\/v2\/posts\/79249","targetHints":{"allow":["GET"]}}],"collection":[{"href":"http:\/\/argentinamunicipal.com.ar\/argentina\/wp-json\/wp\/v2\/posts"}],"about":[{"href":"http:\/\/argentinamunicipal.com.ar\/argentina\/wp-json\/wp\/v2\/types\/post"}],"author":[{"embeddable":true,"href":"http:\/\/argentinamunicipal.com.ar\/argentina\/wp-json\/wp\/v2\/users\/2"}],"replies":[{"embeddable":true,"href":"http:\/\/argentinamunicipal.com.ar\/argentina\/wp-json\/wp\/v2\/comments?post=79249"}],"version-history":[{"count":0,"href":"http:\/\/argentinamunicipal.com.ar\/argentina\/wp-json\/wp\/v2\/posts\/79249\/revisions"}],"wp:featuredmedia":[{"embeddable":true,"href":"http:\/\/argentinamunicipal.com.ar\/argentina\/wp-json\/wp\/v2\/media\/79250"}],"wp:attachment":[{"href":"http:\/\/argentinamunicipal.com.ar\/argentina\/wp-json\/wp\/v2\/media?parent=79249"}],"wp:term":[{"taxonomy":"category","embeddable":true,"href":"http:\/\/argentinamunicipal.com.ar\/argentina\/wp-json\/wp\/v2\/categories?post=79249"},{"taxonomy":"post_tag","embeddable":true,"href":"http:\/\/argentinamunicipal.com.ar\/argentina\/wp-json\/wp\/v2\/tags?post=79249"}],"curies":[{"name":"wp","href":"https:\/\/api.w.org\/{rel}","templated":true}]}}