{"id":79261,"date":"2018-07-18T07:32:27","date_gmt":"2018-07-18T10:32:27","guid":{"rendered":"http:\/\/argentinamunicipal.com.ar\/argentina\/?p=79261"},"modified":"2018-07-18T07:32:27","modified_gmt":"2018-07-18T10:32:27","slug":"una-conmemoracion-por-separado","status":"publish","type":"post","link":"http:\/\/argentinamunicipal.com.ar\/argentina\/una-conmemoracion-por-separado\/","title":{"rendered":"Una conmemoraci\u00f3n por separado"},"content":{"rendered":"<p>El Presidente recibi\u00f3 a la conducci\u00f3n de la AMIA, pero en el acto de hoy estar\u00e1n Marcos Pe\u00f1a y Gabriela Michetti. Adem\u00e1s, habr\u00e1 otras dos evocaciones de familiares de las v\u00edctimas, muy distanciados de la conducci\u00f3n comunitaria.<\/p>\n<p>El presidente Mauricio Macri no participar\u00e1 hoy del acto oficial por el 24 aniversario del atentado contra la AMIA en el marco de una fuerte convulsi\u00f3n dentro de la comunidad jud\u00eda. El mandatario contin\u00faa con su actitud de no exponerse, como ocurri\u00f3 con los \u00faltimos actos patrios del 25 de mayo, el 20 de junio y el 9 de julio y con la suspensi\u00f3n de los timbreos. Tampoco es que con la ausencia de hoy se marca una diferencia n\u00edtida con el pasado: Macri estuvo en uno solo de los aniversarios. Seguramente el presidente est\u00e1 al tanto del choque entre la AMIA y la DAIA, las dos entidades que act\u00faan como referentes comunitarios: el encontronazo es tan fuerte que el presidente de la DAIA, Alberto Indij, dio a entender el lunes que no sabe si est\u00e1 invitado a la concentraci\u00f3n de hoy frente al predio donde se produjo el atentado, en Pasteur 633. Durante la jornada de hoy habr\u00e1 otros dos actos, tambi\u00e9n frente a Pasteur, protagonizados por los familiares de las v\u00edctimas, muy distanciados de la conducci\u00f3n comunitaria. A las 18.30, en el acto de Memoria Activa hablar\u00e1 el periodista N\u00e9stor Esp\u00f3sito, el humorista Roberto Moldavsky, el abogado de Memoria, Rodrigo Borda y una de las dirigentes de la agrupaci\u00f3n, Diana Wassner. Dos horas antes, a las 16.30, se realizar\u00e1 el acto de la organizaci\u00f3n 18-J, sin que se conozcan los oradores.<\/p>\n<p>En reemplazo del Presidente, hoy estar\u00e1n a las 9.30 el jefe de Gabinete Marcos Pe\u00f1a, la vicepresidenta Gabriela Michetti y el secretario de Derechos Humanos, Claudio Avruj. Como todos los a\u00f1os, sonar\u00e1 el shofar a las 9.53, horario en el que aquel 18 de julio de 1994 explot\u00f3 el artefacto explosivo. A continuaci\u00f3n se leer\u00e1n los nombres de las 85 v\u00edctimas y luego hablar\u00e1 el presidente de la AMIA, Agust\u00edn Zbar, el secretario general de la OEA, el uruguayo Luis Almagro y uno de los familiares de las v\u00edctimas que est\u00e1 alineado con los dirigentes. Macri mantuvo la decisi\u00f3n de esquivar las concentraciones p\u00fablicas, pero ayer recibi\u00f3 a las autoridades de la AMIA en la Casa Rosada.<\/p>\n<p>El acto oficial hizo bastante ruido en esta semana porque es pr\u00e1cticamente p\u00fablica la pelea entre la AMIA y la DAIA. El titular de \u00e9sta \u00faltima entidad, Alberto Indij, se pregunt\u00f3 el lunes en un medio comunitario, Radio Jai, si la DAIA estaba invitada al acto, dejando en claro que fueron marginados de la convocatoria. No aparece la DAIA en el cartel de anuncio del acto y no se anunci\u00f3 ning\u00fan orador de esa entidad. La DAIA tuvo que recluirse en FOPEA, una organizaci\u00f3n de periodistas, y realiz\u00f3 ayer en el Hospital de Cl\u00ednicas un homenaje a los cronistas que cubrieron el atentado.<\/p>\n<p>Como se recordar\u00e1, el anterior presidente de la DAIA, Ariel Cohen Saban, tuvo que renunciar a ra\u00edz de un esc\u00e1ndalo de acoso sexual, pero como trasfondo tambi\u00e9n hubo un manejo oscuro de fondos y movidas pol\u00edticas cuestionadas. La DAIA \u2013con la influencia del diputado del PRO, Waldo Wolf, y de Patricia Bullrich\u2013 fue el gran ariete de la comunidad jud\u00eda contra Cristina Fern\u00e1ndez de Kirchner y H\u00e9ctor Timerman. Incluso auspiciaron detr\u00e1s de bambalinas, a trav\u00e9s de dos familiares, la acusaci\u00f3n por traici\u00f3n a la patria en la causa del Memor\u00e1ndum, sustentando, en el caso de Timerman, el viejo adagio antisemita de \u201cfuncionario jud\u00edo traidor a la patria\u201d. Es m\u00e1s, en el expediente del Memor\u00e1ndum, la DAIA reclam\u00f3 ser querellante, es decir que fue directamente acusador y parte decisiva en las imputaciones. La movida nunca tuvo demasiado respaldo en la AMIA, m\u00e1s renuente a meterse tanto en el \u00e1rea pol\u00edtica, sobre todo con semejante alineamiento partidario con el PRO. Habr\u00e1 que ver si Zbar menciona algo hoy.<\/p>\n<p>Por el lado de Memoria Activa, la convocatoria est\u00e1 centrada en el juicio por encubrimiento que est\u00e1 en las instancias finales y que es un proceso casi in\u00e9dito en el mundo. Est\u00e1n sentados en el banquillo de los acusados el ex presidente Carlos Menem; el juez, los fiscales, todo el aparato de inteligencia, el principal polic\u00eda y hasta el ex presidente de la DAIA. La acusaci\u00f3n es por haber acompa\u00f1ado maniobras para desviar la investigaci\u00f3n del atentado, b\u00e1sicamente orient\u00e1ndola contra la Polic\u00eda Bonaerense de Eduardo Duhalde. Eran tiempos de la guerra Menem\u2013Duhalde.<\/p>\n<p>La consigna del acto de Memoria Activa es muy clara: \u201cSe\u00f1ores jueces, exigimos justicia\u201d. Esta agrupaci\u00f3n junto a APEMIA, que lidera Laura Ginsberg, y 18-J de Olga Degtiar, encabezaron la acusaci\u00f3n contra todos los imputados durante el juicio por encubrimiento y ponen el eje en que debe haber condenas de los que no investigaron o incluso desviaron la investigaci\u00f3n.<\/p>\n<p>En los \u00faltimos meses, el gobierno de Cambiemos hizo esfuerzos por evitar condenas fuertes argumentando que eso debilitar\u00eda la acusaci\u00f3n con Ir\u00e1n. Los rumores indican que los operadores de Cambiemos le prometieron el ascenso a uno de los jueces del tribunal y el marido de otra magistrada acaba de ser nombrado en un alt\u00edsimo cargo. Es una muestra m\u00e1s del alineamiento de la Casa Rosada en el caso AMIA y de la sinton\u00eda con el reclamo de las derechas de Estados Unidos e Israel: que se mantenga la acusaci\u00f3n contra Ir\u00e1n y no se \u201cdesv\u00eden esfuerzos\u201d en la causa del encubrimiento.<\/p>\n<h6>Fuente: P\u00e1gina 12<\/h6>\n","protected":false},"excerpt":{"rendered":"<p>El Presidente recibi\u00f3 a la conducci\u00f3n de la AMIA, pero en el acto de hoy estar\u00e1n Marcos Pe\u00f1a y Gabriela Michetti. Adem\u00e1s, habr\u00e1 otras dos evocaciones de familiares de las v\u00edctimas, muy distanciados de la conducci\u00f3n comunitaria.<\/p>\n","protected":false},"author":2,"featured_media":79262,"comment_status":"closed","ping_status":"closed","sticky":false,"template":"","format":"standard","meta":{"footnotes":""},"categories":[8],"tags":[21],"class_list":["post-79261","post","type-post","status-publish","format-standard","has-post-thumbnail","hentry","category-informe-nacional","tag-argentina"],"_links":{"self":[{"href":"http:\/\/argentinamunicipal.com.ar\/argentina\/wp-json\/wp\/v2\/posts\/79261","targetHints":{"allow":["GET"]}}],"collection":[{"href":"http:\/\/argentinamunicipal.com.ar\/argentina\/wp-json\/wp\/v2\/posts"}],"about":[{"href":"http:\/\/argentinamunicipal.com.ar\/argentina\/wp-json\/wp\/v2\/types\/post"}],"author":[{"embeddable":true,"href":"http:\/\/argentinamunicipal.com.ar\/argentina\/wp-json\/wp\/v2\/users\/2"}],"replies":[{"embeddable":true,"href":"http:\/\/argentinamunicipal.com.ar\/argentina\/wp-json\/wp\/v2\/comments?post=79261"}],"version-history":[{"count":0,"href":"http:\/\/argentinamunicipal.com.ar\/argentina\/wp-json\/wp\/v2\/posts\/79261\/revisions"}],"wp:featuredmedia":[{"embeddable":true,"href":"http:\/\/argentinamunicipal.com.ar\/argentina\/wp-json\/wp\/v2\/media\/79262"}],"wp:attachment":[{"href":"http:\/\/argentinamunicipal.com.ar\/argentina\/wp-json\/wp\/v2\/media?parent=79261"}],"wp:term":[{"taxonomy":"category","embeddable":true,"href":"http:\/\/argentinamunicipal.com.ar\/argentina\/wp-json\/wp\/v2\/categories?post=79261"},{"taxonomy":"post_tag","embeddable":true,"href":"http:\/\/argentinamunicipal.com.ar\/argentina\/wp-json\/wp\/v2\/tags?post=79261"}],"curies":[{"name":"wp","href":"https:\/\/api.w.org\/{rel}","templated":true}]}}