{"id":79267,"date":"2018-07-18T04:38:45","date_gmt":"2018-07-18T07:38:45","guid":{"rendered":"http:\/\/argentinamunicipal.com.ar\/argentina\/?p=79267"},"modified":"2018-07-18T07:40:33","modified_gmt":"2018-07-18T10:40:33","slug":"por-un-tete-a-tete-con-lagarde","status":"publish","type":"post","link":"http:\/\/argentinamunicipal.com.ar\/argentina\/por-un-tete-a-tete-con-lagarde\/","title":{"rendered":"Por un t\u00eate \u00e0 t\u00eate con Lagarde"},"content":{"rendered":"<p>Los triunviros de la CGT firmaron la carta que un sector importante de la oposici\u00f3n le dirigi\u00f3 a la titular del Fondo Monetario Internacional (FMI), Christine Lagarde, para repudiar el acuerdo alcanzado con el Gobierno de Cambiemos. A pesar de ellos, la conducci\u00f3n cegetista insistir\u00e1 con una reuni\u00f3n personal con la titular del organismo multilateral. Por si acaso, prepara una conferencia de prensa para el viernes.<\/p>\n<p>Antes de firmar la misiva para Lagarde, los triunviros hab\u00edan iniciado gestiones para conseguir una reuni\u00f3n con ella una vez que llegue a la Argentina para participar de la reuni\u00f3n del G20. Durante la \u00faltima semana de junio Juan Carlos Schmid, H\u00e9ctor Daer y Carlos Acu\u00f1a participaron de una teleconferencia con el responsable del hemisferio occidental del organismo, Alejandro Werner, y con Roberto Cardarelli, responsable de la misi\u00f3n del FMI. La charla fue una iniciativa del Secretario de Relaciones Internacionales de la CGT, Gerardo Mart\u00ednez, junto a la Confederaci\u00f3n Sindical de las Am\u00e9ricas (CSA).<\/p>\n<p>Aquella charla sali\u00f3 a la luz cuando Daer lo cont\u00f3 durante una entrevista radial. Ese d\u00eda el titular del gremio de la sanidad dijo que hab\u00edan lograron el respaldo de los funcionarios del Fondo`para que haya una \u201csalvaguarda al empleo\u201d durante la vigencia del programa de ajuste acordado entre el gobierno y el FMI. A partir de esa comunicaci\u00f3n los dirigentes cegetistas iniciaron las gestiones, hasta ahora sin \u00e9xito, para un encuentro cara a cara con Lagarde. Pero si no llegaran a conseguirlo, los triunviros se esperanzan con poder conversar con Werner, quien formar\u00e1 parte de la delegaci\u00f3n que llegar\u00e1 a Buenos Aires acompa\u00f1ando a Lagarde y ser\u00e1 uno de los que supervisar\u00e1 el avance del acuerdo firmado con el gobierno argentino.<\/p>\n<p>Este fin de semana, Schmid asegur\u00f3 que no le gusta nada del acuerdo con el Fondo porque \u201ctiene primero la estabilidad monetaria y de las cuentas, y despu\u00e9s retomar el crecimiento; me hace acordar a otras l\u00f3gicas\u201d, dijo sin abundar mucho m\u00e1s aunque bien podr\u00eda referirse a los acuerdos de los a\u00f1os noventa e incluso del que hab\u00eda rubricado el gobierno de la Alianza que finaliz\u00f3 con la crisis de 2001.<\/p>\n<p>La agenda de reuniones que la CGT pretende con el FMI est\u00e1n sin confirmar. Tal vez por ello es que los triunviros planean realizar el pr\u00f3ximo viernes una conferencia de prensa en la sede de la CGT donde van a expresar el rechazo al acuerdo del Gobierno con el FMI.<\/p>\n<h6>Fuente: P\u00e1gina 12<\/h6>\n","protected":false},"excerpt":{"rendered":"<p>Los triunviros de la CGT firmaron la carta que un sector importante de la oposici\u00f3n le dirigi\u00f3 a la titular del Fondo Monetario Internacional (FMI)<\/p>\n","protected":false},"author":2,"featured_media":79268,"comment_status":"closed","ping_status":"closed","sticky":false,"template":"","format":"standard","meta":{"footnotes":""},"categories":[8],"tags":[21],"class_list":["post-79267","post","type-post","status-publish","format-standard","has-post-thumbnail","hentry","category-informe-nacional","tag-argentina"],"_links":{"self":[{"href":"http:\/\/argentinamunicipal.com.ar\/argentina\/wp-json\/wp\/v2\/posts\/79267","targetHints":{"allow":["GET"]}}],"collection":[{"href":"http:\/\/argentinamunicipal.com.ar\/argentina\/wp-json\/wp\/v2\/posts"}],"about":[{"href":"http:\/\/argentinamunicipal.com.ar\/argentina\/wp-json\/wp\/v2\/types\/post"}],"author":[{"embeddable":true,"href":"http:\/\/argentinamunicipal.com.ar\/argentina\/wp-json\/wp\/v2\/users\/2"}],"replies":[{"embeddable":true,"href":"http:\/\/argentinamunicipal.com.ar\/argentina\/wp-json\/wp\/v2\/comments?post=79267"}],"version-history":[{"count":0,"href":"http:\/\/argentinamunicipal.com.ar\/argentina\/wp-json\/wp\/v2\/posts\/79267\/revisions"}],"wp:featuredmedia":[{"embeddable":true,"href":"http:\/\/argentinamunicipal.com.ar\/argentina\/wp-json\/wp\/v2\/media\/79268"}],"wp:attachment":[{"href":"http:\/\/argentinamunicipal.com.ar\/argentina\/wp-json\/wp\/v2\/media?parent=79267"}],"wp:term":[{"taxonomy":"category","embeddable":true,"href":"http:\/\/argentinamunicipal.com.ar\/argentina\/wp-json\/wp\/v2\/categories?post=79267"},{"taxonomy":"post_tag","embeddable":true,"href":"http:\/\/argentinamunicipal.com.ar\/argentina\/wp-json\/wp\/v2\/tags?post=79267"}],"curies":[{"name":"wp","href":"https:\/\/api.w.org\/{rel}","templated":true}]}}