{"id":79315,"date":"2018-07-19T06:31:31","date_gmt":"2018-07-19T09:31:31","guid":{"rendered":"http:\/\/argentinamunicipal.com.ar\/argentina\/?p=79315"},"modified":"2018-07-18T19:33:52","modified_gmt":"2018-07-18T22:33:52","slug":"un-presidente-sin-respuestas","status":"publish","type":"post","link":"http:\/\/argentinamunicipal.com.ar\/argentina\/un-presidente-sin-respuestas\/","title":{"rendered":"Un Presidente sin respuestas"},"content":{"rendered":"<p>Tras dos a\u00f1os y medio de gobierno, el Presidente fue evasivo en sus contestaciones a los periodistas y atribuy\u00f3 la actual situaci\u00f3n a problemas mundiales y a cuestiones estructurales del pa\u00eds. Se desentendi\u00f3 del tema de los aportantes truchos y carg\u00f3 el esc\u00e1ndalo sobre las espaldas de Vidal. Defendi\u00f3 la baja de las retenciones.<\/p>\n<p>Dos meses despu\u00e9s de su \u00faltima conferencia de prensa, despu\u00e9s de la corrida cambiaria que llev\u00f3 el d\u00f3lar a 30 pesos, despu\u00e9s de la salida de dos ministros y el presidente del Banco Central, y con la inflaci\u00f3n m\u00e1s alta en los \u00faltimos 25 meses, el presidente Mauricio Macri esquiv\u00f3 dar precisiones ante la docena de preguntas que le hicieron en la Quinta de Olivos, calific\u00f3 la actual crisis econ\u00f3mica como una \u00abtormenta\u00bb que \u00abno puede terminar en una crisis similar a la del pasado\u00bb. Macri volvi\u00f3 a defender la decisi\u00f3n de no detener la baja de retenciones al campo, mientras que se desmarc\u00f3 de responder sobre el impacto de la suba de tarifas en los salarios. Respecto de los despidos masivos en la agencia T\u00e9lam, el Presidente sostuvo que fue un problema de \u00absuperpoblaci\u00f3n\u00bb, mientras que ante la consulta por los aportantes falsos en la campa\u00f1a bonaerense de Cambiemos, el mandatario se escud\u00f3 en los anuncios hechos poco antes por la\u00a0gobernadora Mar\u00eda Eugenia Vidal y reiter\u00f3 el libreto de modificar la ley de financiamiento\u00a0para buscar m\u00e1s transparencia, a pesar de las violaciones a la ley vigente\u00a0denuncias ante la Justicia.<\/p>\n<p>El Presidente abri\u00f3 la conferencia con un an\u00e1lisis general de la crisis econ\u00f3mica que atraviesa su gobierno en el que reuni\u00f3 todas las respuestas reiteradas por los funcionarios de Cambiemos para desligar las responsabilidades de sus decisiones: \u00abHay cosas que no dominamos\u00bb, \u00ablos problemas que heredamos del gobierno anterior y de d\u00e9cadaa anteriores\u00bb y\u00a0\u00abenfrentar al mundo vol\u00e1til en el que vivimos\u00bb\u00a0fueron los latiguillos utilizados para describir \u00abla tormenta\u00bb. Al momento de las soluciones a la crisis, Macri volvi\u00f3 a defender el acuerdo con el FMI como una herramienta que da \u00abfortaleza\u00bb al pa\u00eds y calific\u00f3 al ajuste como \u00abesfuerzo correcto\u00bb, aunque tuvo que reconocer que \u00abel crecimiento va a disminuir\u00bb.<\/p>\n<p>Sus principales definiciones fueron:<\/p>\n<p>-\u201cLa tormenta nos\u00a0sacudi\u00f3 cuando est\u00e1bamos despegando\u201d<\/p>\n<p>-\u201cEl crecimiento va a disminuir\u201d<\/p>\n<p>-\u00abVivimos en un mundo convulsionado\u00bb<\/p>\n<p>-\u00abNo dominamos las cosas que pasan en el mundo\u00bb<\/p>\n<p>-\u00abCreemos en la integraci\u00f3n de la Argentina con el mundo\u00bb<\/p>\n<p>-\u201cHeredamos problemas estructurales\u201d<\/p>\n<p>-\u00abTenemos que dejar de tener un Estado que gasta m\u00e1s que los impuestos que tenemos\u00bb<\/p>\n<p>-\u00abVolvimos a pagar lo que valen los servicios\u00bb<\/p>\n<p>-\u00abEstamos aprendiendo a consumir menos energ\u00eda y eso hace que las facturas no sean tan duras a fin de mes\u00bb<\/p>\n<p>-\u00abLas autoridades de T\u00e9lam decidieron que hab\u00eda una superpoblaci\u00f3n de gente\u00bb.<\/p>\n<p>-\u00abLamento cada argentino que pierda el trabajo o pueda perderlo\u00bb<\/p>\n<p>-\u00abLa inflaci\u00f3n es un gran problema que tenemos en la Argentina\u00bb<\/p>\n<p>-\u00abSiempre rendimos los gastos de campa\u00f1a. La gobernadora Mar\u00eda Eugenia Vidal inici\u00f3 una auditor\u00eda para entender lo que pas\u00f3\u00bb<\/p>\n<p>-\u00abEl gobierno\u00a0anterior le cobraba impuestos\u00a0a todos lo que\u00a0exportaban\u00bb<\/p>\n<p>-\u00abLas retenciones no son impuestos inteligentes\u00bb<\/p>\n<p>-\u00abEl \u00fanico pa\u00eds del mundo que castigaba las exportaciones era la Argentina. Por eso no ven\u00edan las inversiones\u00bb<\/p>\n<h6>Fuente: P\u00e1gina 12<\/h6>\n","protected":false},"excerpt":{"rendered":"<p>Tras dos a\u00f1os y medio de gobierno, el Presidente fue evasivo en sus contestaciones a los periodistas y atribuy\u00f3 la actual situaci\u00f3n a problemas mundiales y a cuestiones estructurales del pa\u00eds.<\/p>\n","protected":false},"author":2,"featured_media":79316,"comment_status":"closed","ping_status":"closed","sticky":false,"template":"","format":"standard","meta":{"footnotes":""},"categories":[8],"tags":[21],"class_list":["post-79315","post","type-post","status-publish","format-standard","has-post-thumbnail","hentry","category-informe-nacional","tag-argentina"],"_links":{"self":[{"href":"http:\/\/argentinamunicipal.com.ar\/argentina\/wp-json\/wp\/v2\/posts\/79315","targetHints":{"allow":["GET"]}}],"collection":[{"href":"http:\/\/argentinamunicipal.com.ar\/argentina\/wp-json\/wp\/v2\/posts"}],"about":[{"href":"http:\/\/argentinamunicipal.com.ar\/argentina\/wp-json\/wp\/v2\/types\/post"}],"author":[{"embeddable":true,"href":"http:\/\/argentinamunicipal.com.ar\/argentina\/wp-json\/wp\/v2\/users\/2"}],"replies":[{"embeddable":true,"href":"http:\/\/argentinamunicipal.com.ar\/argentina\/wp-json\/wp\/v2\/comments?post=79315"}],"version-history":[{"count":0,"href":"http:\/\/argentinamunicipal.com.ar\/argentina\/wp-json\/wp\/v2\/posts\/79315\/revisions"}],"wp:featuredmedia":[{"embeddable":true,"href":"http:\/\/argentinamunicipal.com.ar\/argentina\/wp-json\/wp\/v2\/media\/79316"}],"wp:attachment":[{"href":"http:\/\/argentinamunicipal.com.ar\/argentina\/wp-json\/wp\/v2\/media?parent=79315"}],"wp:term":[{"taxonomy":"category","embeddable":true,"href":"http:\/\/argentinamunicipal.com.ar\/argentina\/wp-json\/wp\/v2\/categories?post=79315"},{"taxonomy":"post_tag","embeddable":true,"href":"http:\/\/argentinamunicipal.com.ar\/argentina\/wp-json\/wp\/v2\/tags?post=79315"}],"curies":[{"name":"wp","href":"https:\/\/api.w.org\/{rel}","templated":true}]}}