{"id":79318,"date":"2018-07-19T06:00:07","date_gmt":"2018-07-19T09:00:07","guid":{"rendered":"http:\/\/argentinamunicipal.com.ar\/argentina\/?p=79318"},"modified":"2018-07-18T19:38:12","modified_gmt":"2018-07-18T22:38:12","slug":"79318-2","status":"publish","type":"post","link":"http:\/\/argentinamunicipal.com.ar\/argentina\/79318-2\/","title":{"rendered":"No se vayan, que a\u00fan hay m\u00e1s"},"content":{"rendered":"<p>La inflaci\u00f3n mayorista asegura un arrastre del proceso inflacionario al consumidor para los pr\u00f3ximos meses. Los productos importados subieron 10,9 por ciento, manufacturados y energ\u00eda el\u00e9ctrica 6,3 y productos primarios, 5,8 por ciento.<\/p>\n<p>El \u00edndice de precios mayorista subi\u00f3 en junio un 6,5 por ciento con respecto al mes anterior, cuando hab\u00eda avanzado un 7,5 por ciento en forma mensual. Los precios al por mayor acumulan en doce meses un alza del 44,1 por ciento y un 30,3 por ciento en tan s\u00f3lo seis meses. Los valores calculados por el Indec y dados a conocer ayer dan cuenta de que el traslado de esta devaluaci\u00f3n a los precios es muy fuerte, lo cual amenaza con reducir el poder adquisitivo de sectores trabajadores y achica la mejora de la competitividad para sectores exportadores. La gran diferencia con respecto a los precios minoristas (que acumulan 29,5 por ciento en el interanual y 16 por ciento entre enero y junio) muestra el grado de presi\u00f3n que todav\u00eda existe sobre los precios al consumidor para que siga habiendo aumentos en los pr\u00f3ximos meses y sobre la rentabilidad de los comercios.<\/p>\n<p>La estructura de precios de la econom\u00eda nacional est\u00e1 \u00edntimamente vinculada al d\u00f3lar a trav\u00e9s de varios factores. Un rasgo caracter\u00edstico radica en la canasta exportadora de la Argentina, compuesta b\u00e1sicamente por alimentos. A la hora de una devaluaci\u00f3n, la oferta de alimentos exportables, como trigo, ma\u00edz, cebada, carne, aceites y l\u00e1cteos, sube su precio internamente en l\u00ednea con el mayor ingreso en pesos que las empresas productoras y exportadoras reciben con la suba de la cotizaci\u00f3n del d\u00f3lar. En segundo lugar, la industria argentina tiene un alto componente importado, lo cual implica que la devaluaci\u00f3n conlleva un traslado relativamente alto en los precios internos de los bienes industriales fabricados locales. Por \u00faltimo, el precio del d\u00f3lar incide en forma directa sobre los propios bienes finales importados.<\/p>\n<p>La cotizaci\u00f3n del d\u00f3lar subi\u00f3 en junio un 15,9 por ciento, de 25,58 a 29,66 pesos para la compra minorista. Seg\u00fan el Indec, eso produjo un incremento del 10,9 por ciento en los productos importados a nivel mayorista, los cuales registran un alza del 62,6 por ciento en la comparaci\u00f3n interanual y del 47,5 por ciento en el primer semestre.<\/p>\n<p>Los productos manufacturados tuvieron en junio un alza de 6,5 por ciento a nivel mayorista. En esa categor\u00eda se destacaron las subas mensuales de m\u00e1quinas y aparatos el\u00e9ctricos (12,8 por ciento), insumos sider\u00fargicos (11,6), sustancias y productos qu\u00edmicos (10,2), autos (9,5), impresiones (8,3), caucho y pl\u00e1stico (7,8), textiles (6,8) y productos de madera (5,1). Son usuales las quejas de los industriales pymes acerca de la dolarizaci\u00f3n de insumos, partes y piezas que adquieren a grandes proveedores. Si bien una parte del costo de las grandes empresas efectivamente est\u00e1 dolarizado, el total traslado a precios, en esos casos, responde a un cuarto factor de impacto de la devaluaci\u00f3n sobre los precios: se trata de la dolarizaci\u00f3n de las ganancias por parte de las firmas con mayor poder de mercado.<\/p>\n<p>Los productos primarios a nivel mayorista subieron el 5,8 por ciento en junio, impulsados por petr\u00f3leo, crudo y gas (6,9) y los productos agropecuarios, con el 4,8 por ciento. El comportamiento que hasta ahora tienen los precios mayoristas es otro argumento que permite prever que la inflaci\u00f3n en los pr\u00f3ximos meses seguir\u00e1 siendo alta, junto a la incertidumbre por la marcha del d\u00f3lar hasta fin de a\u00f1o, los aumentos de las tarifas de electricidad, gas y luz, el posible nuevo aumento del transporte que el Gobierno no descarta aplicar y los aumentos previstos en naftas y prepagas. En seis meses, la brecha entre la suba de los mayoristas y los minoristas es de 14,3 puntos. Esa diferencia se traslada en alg\u00fan momento o redunda en una p\u00e9rdida de rentabilidad de los eslabones m\u00e1s endebles.<\/p>\n<h6>Fuente: P\u00e1gina 12<\/h6>\n","protected":false},"excerpt":{"rendered":"<p>La inflaci\u00f3n mayorista asegura un arrastre del proceso inflacionario al consumidor para los pr\u00f3ximos meses.<\/p>\n","protected":false},"author":2,"featured_media":79319,"comment_status":"closed","ping_status":"closed","sticky":false,"template":"","format":"standard","meta":{"footnotes":""},"categories":[8],"tags":[21],"class_list":["post-79318","post","type-post","status-publish","format-standard","has-post-thumbnail","hentry","category-informe-nacional","tag-argentina"],"_links":{"self":[{"href":"http:\/\/argentinamunicipal.com.ar\/argentina\/wp-json\/wp\/v2\/posts\/79318","targetHints":{"allow":["GET"]}}],"collection":[{"href":"http:\/\/argentinamunicipal.com.ar\/argentina\/wp-json\/wp\/v2\/posts"}],"about":[{"href":"http:\/\/argentinamunicipal.com.ar\/argentina\/wp-json\/wp\/v2\/types\/post"}],"author":[{"embeddable":true,"href":"http:\/\/argentinamunicipal.com.ar\/argentina\/wp-json\/wp\/v2\/users\/2"}],"replies":[{"embeddable":true,"href":"http:\/\/argentinamunicipal.com.ar\/argentina\/wp-json\/wp\/v2\/comments?post=79318"}],"version-history":[{"count":0,"href":"http:\/\/argentinamunicipal.com.ar\/argentina\/wp-json\/wp\/v2\/posts\/79318\/revisions"}],"wp:featuredmedia":[{"embeddable":true,"href":"http:\/\/argentinamunicipal.com.ar\/argentina\/wp-json\/wp\/v2\/media\/79319"}],"wp:attachment":[{"href":"http:\/\/argentinamunicipal.com.ar\/argentina\/wp-json\/wp\/v2\/media?parent=79318"}],"wp:term":[{"taxonomy":"category","embeddable":true,"href":"http:\/\/argentinamunicipal.com.ar\/argentina\/wp-json\/wp\/v2\/categories?post=79318"},{"taxonomy":"post_tag","embeddable":true,"href":"http:\/\/argentinamunicipal.com.ar\/argentina\/wp-json\/wp\/v2\/tags?post=79318"}],"curies":[{"name":"wp","href":"https:\/\/api.w.org\/{rel}","templated":true}]}}