{"id":79324,"date":"2018-07-19T06:41:38","date_gmt":"2018-07-19T09:41:38","guid":{"rendered":"http:\/\/argentinamunicipal.com.ar\/argentina\/?p=79324"},"modified":"2018-07-18T19:43:39","modified_gmt":"2018-07-18T22:43:39","slug":"uber-en-rosario-no-tiene-regulacion-ni-control","status":"publish","type":"post","link":"http:\/\/argentinamunicipal.com.ar\/argentina\/uber-en-rosario-no-tiene-regulacion-ni-control\/","title":{"rendered":"Uber en Rosario: No tiene regulaci\u00f3n ni control"},"content":{"rendered":"<p>Las declaraciones de Fein calmaron los nervios del gremio tachero, que anunci\u00f3 para este mediod\u00eda un bocinazo frente al Concejo para resistir cualquier iniciativa que apunte a abrirle la puerta a esa multinacional.<\/p>\n<p>La intendenta M\u00f3nica Fein sali\u00f3 al cruce ayer de las especulaciones barajadas en las \u00faltimas semanas sobre la posibilidad de que Uber -la plataforma de transporte particular de pasajeros- haga pie en Rosario. Y lo hizo para clausurar de manera taxativa esa operaci\u00f3n: \u201cHoy no es posible porque es un sistema que no tiene ninguna regulaci\u00f3n. Cuidado con los sistemas que plantean que el camino es que los trabajadores no tengan futuro de jubilaci\u00f3n y de precarizaci\u00f3n laboral\u201d, alert\u00f3. Y defendi\u00f3 el servicio de taxis: \u201cEs un sistema regulado que tiene que mejorar, pero donde el Estado participa. Uber no tiene regulaci\u00f3n ni control\u201d, defini\u00f3. Al respecto, adelant\u00f3 que est\u00e1 por anunciar una aplicaci\u00f3n tecnol\u00f3gica (app) destinada precisamente al servicio de taxis.<\/p>\n<p>Las declaraciones de la jefa municipal calmaron los nervios del gremio tachero, que anunci\u00f3 para este mediod\u00eda un bocinazo frente al Concejo para resistir cualquier iniciativa que apunte a abrirle la puerta a esa multinacional que opera con sus clientes una red de transporte privado.<\/p>\n<p>\u201cCreo que incorporar la tecnolog\u00eda es el futuro. Mejorar lo que tenemos es el desaf\u00edo. Pero siempre buscando que el Estado regule un servicio p\u00fablico\u201d, distingui\u00f3 la jefa municipal ayer en rueda de prensa. En su an\u00e1lisis, marc\u00f3 que los taxis actuales \u201ctienen seguros, una revisi\u00f3n peri\u00f3dica de los autos, est\u00e1 muy regulado, con dificultades, pero siempre trabajando con el Estado presente\u201d. En este sentido, diferenci\u00f3 que el servicio p\u00fablico permite \u201cconocer el nombre del chofer y hacer denuncias al 147. Incluso podemos saber con GPS d\u00f3nde est\u00e1 cada taxi\u201d, remarc\u00f3.<\/p>\n<p>\u201cLa tecnolog\u00eda debe ser incorporada y la semana que viene vamos a hacer una propuesta para incorporar la tecnolog\u00eda que tiene Uber en el mundo\u201d, anticip\u00f3 la intendenta. Se refiri\u00f3 as\u00ed a una aplicaci\u00f3n digital que el municipio est\u00e1 dise\u00f1ando junto con las c\u00e1maras de taxistas. La innovaci\u00f3n pretende agilizar y transparentar el servicio.<\/p>\n<p>La posici\u00f3n de la intendenta derrib\u00f3 la propuesta deslizada hace algunos d\u00edas por la concejala Mar\u00eda Eugenia Schmuck. \u201cSer\u00eda interesante que discutamos la llegada de Uber\u201d, hab\u00eda dicho la dirigente radical en el Frente Progresista. Y, salvo el silencio de Cambiemos, el resto del arco pol\u00edtico local la aisl\u00f3 en esa idea. Incluso, el bloque socialista. Schmuck plante\u00f3 esa alternativa luego de protagonizar un enfrentamiento con un sector de taxistas que pretende el monopolio de las paradas en la terminal de \u00f3mnibus Mariano Moreno. Con la propuesta de Uber, el asunto fue nafta sobre el fuego, y por eso Fein ayer cerr\u00f3 el tema. Atr\u00e1s quedaron noticias emitidas por la empresa, acerca de que en Rosario se hab\u00edan anotado tres mil conductores para trabajar como choferes del servicio, y que 70 mil personas en la ciudad hab\u00edan bajado la app como potenciales usuarios del mismo.<\/p>\n<p>\u00abSer\u00eda un sistema donde el Estado pierde el control del servicio. No hay legislaci\u00f3n al respecto y hay que ser muy cuidadoso de la protecci\u00f3n del pasajero\u201d, afirm\u00f3 la titular del Ejecutivo.<\/p>\n<p>Adem\u00e1s de la competencia que le deparar\u00eda Uber, los due\u00f1os y peones de taxis lo repudian porque entienden que eso desregular\u00eda la actividad y, en el caso de los empleados, precarizar\u00eda la relaci\u00f3n laboral. Sobre eso mismo refiri\u00f3 Fein: \u201cCuidado con la precarizaci\u00f3n laboral, con los sistemas que plantean un escenario de trabajadores sin jubilaci\u00f3n y precarizados\u201d.<\/p>\n<p>La intendenta se pronunci\u00f3 ayer por la ma\u00f1ana, en la plaza Libertad, durante la presentaci\u00f3n de un plan de reparaci\u00f3n de veredas en cuarenta barrios, con una inversi\u00f3n de 133 millones de pesos, seg\u00fan dijo. Pero para entonces, las distintas c\u00e1maras que agrupan a los licenciatarios del servicio de taxi ya hab\u00edan organizado su reacci\u00f3n anti Uber.<\/p>\n<p>Ser\u00e1 una caravana de taxis que partir\u00e1 a las 9 desde bulevar Oro\u00f1o y Cochabamba, por Pellegrini, hasta el Monumento a la Bandera, frente al Concejo Municipal.<\/p>\n<h6>Fuente: P\u00e1gina 12 Rosario<\/h6>\n","protected":false},"excerpt":{"rendered":"<p>Las declaraciones de Fein calmaron los nervios del gremio tachero, que anunci\u00f3 para este mediod\u00eda un bocinazo frente al Concejo para resistir cualquier iniciativa que apunte a abrirle la puerta a esa multinacional.<\/p>\n","protected":false},"author":2,"featured_media":79325,"comment_status":"closed","ping_status":"closed","sticky":false,"template":"","format":"standard","meta":{"footnotes":""},"categories":[4],"tags":[10],"class_list":["post-79324","post","type-post","status-publish","format-standard","has-post-thumbnail","hentry","category-informe-politico","tag-santa-fe"],"_links":{"self":[{"href":"http:\/\/argentinamunicipal.com.ar\/argentina\/wp-json\/wp\/v2\/posts\/79324","targetHints":{"allow":["GET"]}}],"collection":[{"href":"http:\/\/argentinamunicipal.com.ar\/argentina\/wp-json\/wp\/v2\/posts"}],"about":[{"href":"http:\/\/argentinamunicipal.com.ar\/argentina\/wp-json\/wp\/v2\/types\/post"}],"author":[{"embeddable":true,"href":"http:\/\/argentinamunicipal.com.ar\/argentina\/wp-json\/wp\/v2\/users\/2"}],"replies":[{"embeddable":true,"href":"http:\/\/argentinamunicipal.com.ar\/argentina\/wp-json\/wp\/v2\/comments?post=79324"}],"version-history":[{"count":0,"href":"http:\/\/argentinamunicipal.com.ar\/argentina\/wp-json\/wp\/v2\/posts\/79324\/revisions"}],"wp:featuredmedia":[{"embeddable":true,"href":"http:\/\/argentinamunicipal.com.ar\/argentina\/wp-json\/wp\/v2\/media\/79325"}],"wp:attachment":[{"href":"http:\/\/argentinamunicipal.com.ar\/argentina\/wp-json\/wp\/v2\/media?parent=79324"}],"wp:term":[{"taxonomy":"category","embeddable":true,"href":"http:\/\/argentinamunicipal.com.ar\/argentina\/wp-json\/wp\/v2\/categories?post=79324"},{"taxonomy":"post_tag","embeddable":true,"href":"http:\/\/argentinamunicipal.com.ar\/argentina\/wp-json\/wp\/v2\/tags?post=79324"}],"curies":[{"name":"wp","href":"https:\/\/api.w.org\/{rel}","templated":true}]}}