{"id":79333,"date":"2018-07-19T05:16:16","date_gmt":"2018-07-19T08:16:16","guid":{"rendered":"http:\/\/argentinamunicipal.com.ar\/argentina\/?p=79333"},"modified":"2018-07-19T07:20:05","modified_gmt":"2018-07-19T10:20:05","slug":"precarizacion-laboral-8-de-cada-diez-trabajadores-no-estan-registrados-ni-bajo-convenio-colectivo","status":"publish","type":"post","link":"http:\/\/argentinamunicipal.com.ar\/argentina\/precarizacion-laboral-8-de-cada-diez-trabajadores-no-estan-registrados-ni-bajo-convenio-colectivo\/","title":{"rendered":"Precarizaci\u00f3n laboral: 8 de cada diez trabajadores no est\u00e1n registrados ni bajo convenio colectivo"},"content":{"rendered":"<p>Seg\u00fan datos del Indec, durante el primer trimestre de 2018 se constat\u00f3 que se generaron 121.000 empleos \u201cen blanco\u201d, 253.000 \u00aben negro\u00bb y 158.000 cuentapropistas.<\/p>\n<p>De acuerdo a un informe del Indec,\u00a0el primer trimestre de 2018 arroj\u00f3 un mayor incremento del trabajo \u00aben negro\u00bb que el de los asalariados formales. De este modo, la precarizaci\u00f3n laboral crece en el pa\u00eds y m\u00e1s trabajadores se encuentran sin sus plenos derechos.<\/p>\n<p>Los datos del organismo destallan\u00a0se generaron 532.000 puestos de trabajo, de los cuales\u00a0solo 121.000 fueron en blanco,\u00a0253.000\u00a0\u00aben negro\u00bb y 158.000 cuentapropistas. Es decir,\u00a08 de cada 10 nuevos puestos no est\u00e1n registrados.<\/p>\n<p>Asimismo, el informe oficial se\u00f1ala que en el primer trimestre del a\u00f1o los puestos de trabajo de los no asalariados creci\u00f3 3,3% frente al 2,5% que lo hicieron los asalariados. Y los no registrados 5,8% contra 1,1% en blanco.<\/p>\n<p>Estos datos se conocen en la misma semana que la AFIP advirti\u00f3 a m\u00e1s de 120.000 empleadores de diversos rubros sobre la regularizaci\u00f3n de la situaci\u00f3n de sus trabajadores. Ese listado incluye comercios como restaurantes, lavaderos, el agro y tambi\u00e9n las empleadas dom\u00e9sticas, entre otros.<\/p>\n<h6>Fuente: InfoCIelo<\/h6>\n","protected":false},"excerpt":{"rendered":"<p>Seg\u00fan datos del Indec, durante el primer trimestre de 2018 se constat\u00f3 que se generaron 121.000 empleos \u201cen blanco\u201d, 253.000 \u00aben negro\u00bb y 158.000 cuentapropistas.<\/p>\n","protected":false},"author":2,"featured_media":79334,"comment_status":"closed","ping_status":"closed","sticky":false,"template":"","format":"standard","meta":{"footnotes":""},"categories":[8],"tags":[21],"class_list":["post-79333","post","type-post","status-publish","format-standard","has-post-thumbnail","hentry","category-informe-nacional","tag-argentina"],"_links":{"self":[{"href":"http:\/\/argentinamunicipal.com.ar\/argentina\/wp-json\/wp\/v2\/posts\/79333","targetHints":{"allow":["GET"]}}],"collection":[{"href":"http:\/\/argentinamunicipal.com.ar\/argentina\/wp-json\/wp\/v2\/posts"}],"about":[{"href":"http:\/\/argentinamunicipal.com.ar\/argentina\/wp-json\/wp\/v2\/types\/post"}],"author":[{"embeddable":true,"href":"http:\/\/argentinamunicipal.com.ar\/argentina\/wp-json\/wp\/v2\/users\/2"}],"replies":[{"embeddable":true,"href":"http:\/\/argentinamunicipal.com.ar\/argentina\/wp-json\/wp\/v2\/comments?post=79333"}],"version-history":[{"count":0,"href":"http:\/\/argentinamunicipal.com.ar\/argentina\/wp-json\/wp\/v2\/posts\/79333\/revisions"}],"wp:featuredmedia":[{"embeddable":true,"href":"http:\/\/argentinamunicipal.com.ar\/argentina\/wp-json\/wp\/v2\/media\/79334"}],"wp:attachment":[{"href":"http:\/\/argentinamunicipal.com.ar\/argentina\/wp-json\/wp\/v2\/media?parent=79333"}],"wp:term":[{"taxonomy":"category","embeddable":true,"href":"http:\/\/argentinamunicipal.com.ar\/argentina\/wp-json\/wp\/v2\/categories?post=79333"},{"taxonomy":"post_tag","embeddable":true,"href":"http:\/\/argentinamunicipal.com.ar\/argentina\/wp-json\/wp\/v2\/tags?post=79333"}],"curies":[{"name":"wp","href":"https:\/\/api.w.org\/{rel}","templated":true}]}}