{"id":79351,"date":"2018-07-19T07:44:59","date_gmt":"2018-07-19T10:44:59","guid":{"rendered":"http:\/\/argentinamunicipal.com.ar\/argentina\/?p=79351"},"modified":"2018-07-19T07:44:59","modified_gmt":"2018-07-19T10:44:59","slug":"79351-2","status":"publish","type":"post","link":"http:\/\/argentinamunicipal.com.ar\/argentina\/79351-2\/","title":{"rendered":"Corral pidi\u00f3 que la cuesti\u00f3n de los \u00abtrapitos\u00bb se debata en el Concejo"},"content":{"rendered":"<p>As\u00ed lo sugiri\u00f3 el intendente, luego de algunos episodios de violencia que se vivieron en la ciudad. El municipio denunci\u00f3 penalmente el accionar de uno de ellos en \u00abrepresentaci\u00f3n de los vecinos\u00bb. Pidi\u00f3 m\u00e1s accionar policial ante situaciones de \u00abviolencia y aprietes\u00bb<\/p>\n<p>Luego de que trascendieran diferentes hechos de violencia en los que estuvieron involucrados \u00abtrapitos\u00bb de la ciudad y de da\u00f1os provocados a autom\u00f3viles por parte de los mismos, el intendente de la ciudad sugiri\u00f3 que la cuesti\u00f3n de los cuidacoches se debata en el Concejo Municipal.<\/p>\n<p>Tras viralizarse un video en el cual se observa a un \u00abtrapito\u00bb rompiendo la cubierta de un coche estacionado, el municipio procedi\u00f3 a realizar la denuncia penal correspondiente en \u00abrepresentaci\u00f3n de los vecinos\u00bb.<\/p>\n<p>En rueda de prensa, Corral dijo que la fuerza de seguridad debe \u00abintervenir\u00bb en este tipo de situaciones y que ese accionar debe estar acompa\u00f1ado por la Justicia.<\/p>\n<p>\u00abQueremos aclarar que en ning\u00fan caso hay autorizaci\u00f3n del municipio para realizar esta actividad. La actividad de cuidacoches est\u00e1 prohibida en la zona de estacionamiento medido. No est\u00e1 prohibida en el resto, pero tampoco est\u00e1 autorizada\u00bb, coment\u00f3.<\/p>\n<p>El mandatario intent\u00f3 despejar las \u00abversiones que dicen que es una actividad autorizada\u00bb, e insisti\u00f3: \u00abEl municipio no autoriza a ninguno, ni cuidacoches, ni gente que lava los autos en la v\u00eda p\u00fablica, cosa que tambi\u00e9n est\u00e1 prohibida; ni limpiavidrios\u00bb.<\/p>\n<p>Es en este contexto que el intendente sugiri\u00f3 que la discusi\u00f3n sobre los \u00abtrapitos\u00bb llegue a los concejales. \u00abEs una discusi\u00f3n que tiene que darse en el Concejo. Nos parece que est\u00e1 bien que se discuta. Desde prohibirlo expresamente (no est\u00e1 prohibido en los lugares donde no hay estacionamiento) hasta regularlo. Es una tarea que tiene que darse el Concejo\u00bb.<\/p>\n<p>\u00abHay que discutirlo porque mucha gente nos dice que se siente apretada, situaciones de molestia. Y tambi\u00e9n hay gente que ayuda a estas personas porque tienen una actitud distinta\u00bb, se\u00f1al\u00f3 Corral.<\/p>\n<p>Pidi\u00f3 que las personas denuncien este tipo de episodios ante la polic\u00eda y que la Justicia y fiscales \u00abhagan su trabajo\u00bb y anadi\u00f3: \u00abEstas personas cometen delitos a la luz del d\u00eda, en zonas concurridas de la ciudad. Hay c\u00e1maras de seguridad que acreditan la situaci\u00f3n. La gente con toda la raz\u00f3n se indigna\u00bb.<\/p>\n<h6>Fuente: Uno<\/h6>\n","protected":false},"excerpt":{"rendered":"<p>As\u00ed lo sugiri\u00f3 el intendente, luego de algunos episodios de violencia que se vivieron en la ciudad. El municipio denunci\u00f3 penalmente el accionar de uno de ellos en \u00abrepresentaci\u00f3n de los vecinos\u00bb.<\/p>\n","protected":false},"author":2,"featured_media":79352,"comment_status":"closed","ping_status":"closed","sticky":false,"template":"","format":"standard","meta":{"footnotes":""},"categories":[4],"tags":[10],"class_list":["post-79351","post","type-post","status-publish","format-standard","has-post-thumbnail","hentry","category-informe-politico","tag-santa-fe"],"_links":{"self":[{"href":"http:\/\/argentinamunicipal.com.ar\/argentina\/wp-json\/wp\/v2\/posts\/79351","targetHints":{"allow":["GET"]}}],"collection":[{"href":"http:\/\/argentinamunicipal.com.ar\/argentina\/wp-json\/wp\/v2\/posts"}],"about":[{"href":"http:\/\/argentinamunicipal.com.ar\/argentina\/wp-json\/wp\/v2\/types\/post"}],"author":[{"embeddable":true,"href":"http:\/\/argentinamunicipal.com.ar\/argentina\/wp-json\/wp\/v2\/users\/2"}],"replies":[{"embeddable":true,"href":"http:\/\/argentinamunicipal.com.ar\/argentina\/wp-json\/wp\/v2\/comments?post=79351"}],"version-history":[{"count":0,"href":"http:\/\/argentinamunicipal.com.ar\/argentina\/wp-json\/wp\/v2\/posts\/79351\/revisions"}],"wp:featuredmedia":[{"embeddable":true,"href":"http:\/\/argentinamunicipal.com.ar\/argentina\/wp-json\/wp\/v2\/media\/79352"}],"wp:attachment":[{"href":"http:\/\/argentinamunicipal.com.ar\/argentina\/wp-json\/wp\/v2\/media?parent=79351"}],"wp:term":[{"taxonomy":"category","embeddable":true,"href":"http:\/\/argentinamunicipal.com.ar\/argentina\/wp-json\/wp\/v2\/categories?post=79351"},{"taxonomy":"post_tag","embeddable":true,"href":"http:\/\/argentinamunicipal.com.ar\/argentina\/wp-json\/wp\/v2\/tags?post=79351"}],"curies":[{"name":"wp","href":"https:\/\/api.w.org\/{rel}","templated":true}]}}