{"id":79382,"date":"2018-07-19T19:09:06","date_gmt":"2018-07-19T22:09:06","guid":{"rendered":"http:\/\/argentinamunicipal.com.ar\/argentina\/?p=79382"},"modified":"2018-07-19T19:09:06","modified_gmt":"2018-07-19T22:09:06","slug":"79382-2","status":"publish","type":"post","link":"http:\/\/argentinamunicipal.com.ar\/argentina\/79382-2\/","title":{"rendered":"Una tormenta perfecta"},"content":{"rendered":"<p>\u00bfCu\u00e1ntos antecedentes hay acerca de una conferencia de prensa en la que no se contesta ninguna pregunta?<\/p>\n<p>Macri lo hizo.<\/p>\n<p>Le preguntaron por la crisis financiera y respondi\u00f3 que vamos a tener unos meses en los que hay que madurar, pero que supieron levantar las velas para mantener el rumbo. \u00bfO sea que salieron a mar abierto con las velas bajas cuando todos los pron\u00f3sticos advirtieron que iban derecho al ojo del hurac\u00e1n, y salido de \u00e9ste resuelven ir directo al pr\u00f3ximo?<\/p>\n<p>Le preguntaron si tiene pensada alguna medida concreta para bajar la inflaci\u00f3n y respondi\u00f3 que est\u00e1n abocados a ponerle un l\u00edmite.<\/p>\n<p>Le preguntaron cu\u00e1nto piensa que deber\u00edan aumentar las tarifas a fin de a\u00f1o, para que no vuelvan a impactar en el salario ya deteriorado de los trabajadores, y respondi\u00f3 que eso debieran contestarlo desde \u201cEconom\u00eda y Finanzas\u201d.<\/p>\n<p>Le preguntaron por el efecto local de la guerra comercial junto con la incertidumbre en Brasil y respondi\u00f3, cual si fuese el l\u00edder de una potencia mundial, que \u201cgener\u00e9 un \u00e1mbito de di\u00e1logo para que esas tensiones encuentren una soluci\u00f3n\u201d.<\/p>\n<p>Le preguntaron si cumplir\u00e1 con el Fondo Monetario en frenar la reducci\u00f3n de las retenciones y respondi\u00f3 que las retenciones no le parecen un impuesto inteligente. La pregunta no era sobre lo que piensa conceptualmente, sino acerca de lo que piensa hacer m\u00e1s all\u00e1 de si le gusta o no.<\/p>\n<p>Le preguntaron si es posible una reducci\u00f3n en el impuesto a las Ganancias y respondi\u00f3 que habr\u00e1 un nivel de responsabilidad in\u00e9dito en gobernadores y parlamentarios de la oposici\u00f3n, como forma de di\u00e1logo que \u201ces parte del cambio para generar otro futuro\u201d.<\/p>\n<p>Le preguntaron si era cierta la afirmaci\u00f3n de la diputada Carri\u00f3 en cuanto a que habilit\u00f3 el debate sobre el aborto porque pens\u00f3 que ganar\u00eda el no, y respondi\u00f3 que los problemas deben analizarse porque para eso elegimos el cambio, que el cambio ya est\u00e1 y que hay un boom tur\u00edstico en Bariloche.<\/p>\n<p>Le preguntaron por los aportantes truchos y respondi\u00f3 que hay que buscar m\u00e1s transparencia.<\/p>\n<p>Los medios oficialistas informaron que para esto, para (no) responder nada de nada, Macri recibi\u00f3 un dur\u00edsimo entrenamiento de Marcos Pe\u00f1a y Rogelio Frigerio.<\/p>\n<p>Una primera observaci\u00f3n ser\u00eda que el Presidente debe cambiar los coaching o los mentoring, o bien todo lo contrario: que debe ratificarlos porque el objetivo es justamente insistir en hablar con fraseolog\u00eda de escuela primaria, remarcar el nombre de pila de cada periodista en el comienzo de sus respuestas, adaptar cada contestaci\u00f3n al discurso generalista preestablecido y confiar en que, al no haber repregunta, todo pasa as\u00ed como as\u00ed porque lo que sirvi\u00f3 en campa\u00f1a tiene posibilidades de reeditarse.<\/p>\n<p>Desde ya, el primer y peque\u00f1o problema de esa t\u00e1ctica es que el Gobierno ya tiene pasado y un presente de los peores.<\/p>\n<p>El segundo inconveniente es que concibieron esta rueda de prensa, anunciada con antelaci\u00f3n in\u00e9dita, para contribuir a la confianza en un momento dram\u00e1tico. Generaron entonces una expectativa proporcional, estimulada por la noticia de que Macri se prepar\u00f3 como para ingresar al cuerpo de marines.<\/p>\n<p>Salen de la apuesta con una catarata de burlas que inunda las redes y con la certeza extendida de que no tienen m\u00e1s nada para decir. \u00bfAs\u00ed terminan los grandes cuadros del Pro?<\/p>\n<p>Con tasas de inter\u00e9s aterradoras que impiden siquiera asomarse a la perspectiva de alg\u00fan resucite productivo; con la evidencia de que no hay otro programa que no sea el monitoreado por el Fondo; con la reducci\u00f3n del gasto p\u00fablico como \u00fanica respuesta enamorante frente a un panorama recesivo citado por ellos mismos y por sus voceros medi\u00e1ticos, Macri acaba de ratificar que la sola respuesta es no poder responder nada.<\/p>\n<p>Simplemente, repite \u201ctormenta\u201d una vez, dos, cuatro. Se le terminaron las palabras de su ya reducido vocabulario. A \u00e9l y a sus cuadrazos.<\/p>\n<p>\u00bfCu\u00e1l es la l\u00f3gica de salir al ruedo con este grado de exposici\u00f3n paup\u00e9rrima, que no hace m\u00e1s que agravar la p\u00e9rdida de esperanzas? \u00bfPensar que todav\u00eda gana adeptos un discurso de pastor evang\u00e9lico? \u00bfSuponer que esa estratagema allega confiabilidad de los mercados?<\/p>\n<p>\u00bfO acaso no hubo m\u00e1s l\u00f3gica que entender a decir algo, sin decir ni mu, como mejor que permanecer callado?<\/p>\n<p>Cualquiera fuere la respuesta, es una tormenta perfecta.<\/p>\n<h5>Por\u00a0Eduardo Aliverti<\/h5>\n<h6>Fuente: P\u00e1gina 12<\/h6>\n","protected":false},"excerpt":{"rendered":"<p>\u00bfCu\u00e1ntos antecedentes hay acerca de una conferencia de prensa en la que no se contesta ninguna pregunta?<\/p>\n","protected":false},"author":2,"featured_media":79383,"comment_status":"closed","ping_status":"closed","sticky":false,"template":"","format":"standard","meta":{"footnotes":""},"categories":[6],"tags":[21],"class_list":["post-79382","post","type-post","status-publish","format-standard","has-post-thumbnail","hentry","category-opiniones","tag-argentina"],"_links":{"self":[{"href":"http:\/\/argentinamunicipal.com.ar\/argentina\/wp-json\/wp\/v2\/posts\/79382","targetHints":{"allow":["GET"]}}],"collection":[{"href":"http:\/\/argentinamunicipal.com.ar\/argentina\/wp-json\/wp\/v2\/posts"}],"about":[{"href":"http:\/\/argentinamunicipal.com.ar\/argentina\/wp-json\/wp\/v2\/types\/post"}],"author":[{"embeddable":true,"href":"http:\/\/argentinamunicipal.com.ar\/argentina\/wp-json\/wp\/v2\/users\/2"}],"replies":[{"embeddable":true,"href":"http:\/\/argentinamunicipal.com.ar\/argentina\/wp-json\/wp\/v2\/comments?post=79382"}],"version-history":[{"count":0,"href":"http:\/\/argentinamunicipal.com.ar\/argentina\/wp-json\/wp\/v2\/posts\/79382\/revisions"}],"wp:featuredmedia":[{"embeddable":true,"href":"http:\/\/argentinamunicipal.com.ar\/argentina\/wp-json\/wp\/v2\/media\/79383"}],"wp:attachment":[{"href":"http:\/\/argentinamunicipal.com.ar\/argentina\/wp-json\/wp\/v2\/media?parent=79382"}],"wp:term":[{"taxonomy":"category","embeddable":true,"href":"http:\/\/argentinamunicipal.com.ar\/argentina\/wp-json\/wp\/v2\/categories?post=79382"},{"taxonomy":"post_tag","embeddable":true,"href":"http:\/\/argentinamunicipal.com.ar\/argentina\/wp-json\/wp\/v2\/tags?post=79382"}],"curies":[{"name":"wp","href":"https:\/\/api.w.org\/{rel}","templated":true}]}}