{"id":79392,"date":"2018-07-20T06:19:08","date_gmt":"2018-07-20T09:19:08","guid":{"rendered":"http:\/\/argentinamunicipal.com.ar\/argentina\/?p=79392"},"modified":"2018-07-19T19:21:23","modified_gmt":"2018-07-19T22:21:23","slug":"un-conflicto-infinito-por-el-acuerdo-con-el-fmi","status":"publish","type":"post","link":"http:\/\/argentinamunicipal.com.ar\/argentina\/un-conflicto-infinito-por-el-acuerdo-con-el-fmi\/","title":{"rendered":"Un \u00abconflicto infinito\u00bb por el acuerdo con el FMI"},"content":{"rendered":"<p>El triunvirato de la central obrera rechaz\u00f3 los recortes acordados con el Fondo Monetario Internacional y advirti\u00f3 sobre sus consecuencias sociales. \u00abEs pr\u00e1cticamente inviable llevar adelante un ajuste de estas caracter\u00edsticas en un pa\u00eds que ya est\u00e1 paralizado y en recesi\u00f3n\u201d, plante\u00f3 Schmid.<\/p>\n<p>El triunvirato de la CGT rechaz\u00f3 el acuerdo firmado entre el Gobierno y el FMI, que incluye un ajuste de hasta 300 mil millones pesos del gasto p\u00fablico para el a\u00f1o que viene. \u201cEl costo social va a ser gigantesco\u201d, sostuvo Juan Carlos Schmid, secretario general de la central obrera, quien adem\u00e1s advirti\u00f3 que \u201cno va haber consenso social de parte de los trabajadores organizados\u201d.<\/p>\n<p>Desde la sede de Azopardo al 800, los dirigentes de la CGT remarcaron que le manifestar\u00e1n a Christine Lagarde, directora del Fondo Monetario Internacional,\u00a0su rechazo al salvataje firmado con el Gobierno. Lagarde lleg\u00f3 esta ma\u00f1ana a la Argentina para participar de la tercera reuni\u00f3n de ministros de Econom\u00eda en el marco de la Cumbre del G20.<\/p>\n<p>\u201cUn ajuste de estas caracter\u00edsticas va abrir un frente de conflicto infinito. Es pr\u00e1cticamente inviable llevar adelante un ajuste de estas caracter\u00edsticas en un pa\u00eds que ya est\u00e1 paralizado y en recesi\u00f3n\u201d, asegur\u00f3 Schmid, que explic\u00f3 que el monto a recortar equivale al presupuesto de Ciencia y Tecnolog\u00eda durante ocho a\u00f1os o al del Ministerio de Salud por tres a\u00f1os.<\/p>\n<p>A su vez, H\u00e9ctor Daer adelant\u00f3 que en el di\u00e1logo que mantendr\u00e1n con Lagarde le har\u00e1n saber el enf\u00e1tico \u00abrechazo de esta CGT\u00bb a los acuerdos que \u00abcomo \u00fanico objetivo se plantean (reducir) el d\u00e9ficit fiscal y no se plantean bajo ning\u00fan punto de vista el d\u00e9ficit de los problemas sociales\u00bb.<\/p>\n<p>Los integrantes de la conducci\u00f3n cegetista lamentaron que el Gobierno nacional ratificara \u00abel rumbo\u00bb econ\u00f3mico, luego del paro general realizado por la central obrera el mes pasado. \u00abBajo ning\u00fan punto de vista por m\u00e1s que tengamos reuniones de car\u00e1cter institucional la CGT va a aceptar este tipo de ajuste que recae sobre las espaldas de los sectores populares y m\u00e1s d\u00e9biles\u00bb, volvi\u00f3 a remarcar Schmid.<\/p>\n<p>Daer, en tanto, advirti\u00f3 que \u00abno puede ser que en el Gobierno nacional no se den cuenta de la crisis alimentaria, de la crisis de salud, de la crisis de la cultura y la educaci\u00f3n\u00bb que, seg\u00fan consider\u00f3, se vive en el pa\u00eds.<\/p>\n<h6>Fuente: P\u00e1gina 12<\/h6>\n","protected":false},"excerpt":{"rendered":"<p>El triunvirato de la central obrera rechaz\u00f3 los recortes acordados con el Fondo Monetario Internacional y advirti\u00f3 sobre sus consecuencias sociales. <\/p>\n","protected":false},"author":2,"featured_media":79393,"comment_status":"closed","ping_status":"closed","sticky":false,"template":"","format":"standard","meta":{"footnotes":""},"categories":[8],"tags":[21],"class_list":["post-79392","post","type-post","status-publish","format-standard","has-post-thumbnail","hentry","category-informe-nacional","tag-argentina"],"_links":{"self":[{"href":"http:\/\/argentinamunicipal.com.ar\/argentina\/wp-json\/wp\/v2\/posts\/79392","targetHints":{"allow":["GET"]}}],"collection":[{"href":"http:\/\/argentinamunicipal.com.ar\/argentina\/wp-json\/wp\/v2\/posts"}],"about":[{"href":"http:\/\/argentinamunicipal.com.ar\/argentina\/wp-json\/wp\/v2\/types\/post"}],"author":[{"embeddable":true,"href":"http:\/\/argentinamunicipal.com.ar\/argentina\/wp-json\/wp\/v2\/users\/2"}],"replies":[{"embeddable":true,"href":"http:\/\/argentinamunicipal.com.ar\/argentina\/wp-json\/wp\/v2\/comments?post=79392"}],"version-history":[{"count":0,"href":"http:\/\/argentinamunicipal.com.ar\/argentina\/wp-json\/wp\/v2\/posts\/79392\/revisions"}],"wp:featuredmedia":[{"embeddable":true,"href":"http:\/\/argentinamunicipal.com.ar\/argentina\/wp-json\/wp\/v2\/media\/79393"}],"wp:attachment":[{"href":"http:\/\/argentinamunicipal.com.ar\/argentina\/wp-json\/wp\/v2\/media?parent=79392"}],"wp:term":[{"taxonomy":"category","embeddable":true,"href":"http:\/\/argentinamunicipal.com.ar\/argentina\/wp-json\/wp\/v2\/categories?post=79392"},{"taxonomy":"post_tag","embeddable":true,"href":"http:\/\/argentinamunicipal.com.ar\/argentina\/wp-json\/wp\/v2\/tags?post=79392"}],"curies":[{"name":"wp","href":"https:\/\/api.w.org\/{rel}","templated":true}]}}