{"id":79398,"date":"2018-07-20T06:32:57","date_gmt":"2018-07-20T09:32:57","guid":{"rendered":"http:\/\/argentinamunicipal.com.ar\/argentina\/?p=79398"},"modified":"2018-07-19T19:35:27","modified_gmt":"2018-07-19T22:35:27","slug":"dujovne-abrio-el-paraguas","status":"publish","type":"post","link":"http:\/\/argentinamunicipal.com.ar\/argentina\/dujovne-abrio-el-paraguas\/","title":{"rendered":"Dujovne abri\u00f3 el paraguas"},"content":{"rendered":"<p>El ministro de Hacienda afirm\u00f3 que \u00abforma parte del accionar del Banco Central\u00bb la posibilidad de que el a\u00f1o que viene la inflaci\u00f3n baje 10 puntos, como prometi\u00f3 ayer el presidente Macri al hablar del paso de \u00abla tormenta\u00bb. Dujovne admiti\u00f3 que con una suba interanual por arriba del 29 por ciento \u00abhay que explicar\u00bb al FMI el motivo de ese n\u00famero.<\/p>\n<p>El ministro de Hacienda brind\u00f3 una conferencia de prensa este mediod\u00eda para anunciar las metas fiscales en curso y las esperadas para los pr\u00f3ximos a\u00f1os. \u201cEl compromiso es irrenunciable\u201d, asegur\u00f3 Nicol\u00e1s Dujovne desde el Ministerio de Hacienda en referencia al ajuste de las cuentas p\u00fablicas y el recorte del gasto que se concentr\u00f3 sobre las bajas en el empleo p\u00fablico y la distribuci\u00f3n de subsidios. Sobre la inflaci\u00f3n, dijo que la baja de\u00a0diez puntos que\u00a0prometi\u00f3 el presidente Mauricio Macri \u00abforma parte del accionar del Banco Central\u00bb.<\/p>\n<p>\u201cPor sexto trimestre la Argentina cumple las metas fiscales, las que nos van a conducir al equilibrio fiscal primario en el 2020\u201d, celebr\u00f3 el ministro que pas\u00f3 a explicar el detalle del ajuste aplicado en los primeros dos a\u00f1os de gobierno. Seg\u00fan Dujovne, la baja del d\u00e9ficit fiscal fue consecuencia de la reducci\u00f3n del gasto. \u201cEl esfuerzo lo hemos hecho del lado del gasto\u201d, volvi\u00f3 a remarcar el funcionario.<\/p>\n<p>Dujovne asegur\u00f3 que el recorte del gasto signific\u00f3 como un viaje \u201cen un t\u00fanel del tiempo\u201d ya que han reducido los subsidios y el empleo p\u00fablico a los niveles de los primeros a\u00f1os de la gesti\u00f3n anterior.<\/p>\n<p>\u201cEs cierto que la inflaci\u00f3n ha sido m\u00e1s alta de la que esper\u00e1bamos pero no lo podemos comparar con la del kirchnerismo\u201d, puntualiz\u00f3 el ministro que recurri\u00f3 al recurso de la pesada herencia incluso dos a\u00f1os m\u00e1s tarde de estar en el gobierno. \u201cAceptamos que la tasa de inflaci\u00f3n de este a\u00f1o fue m\u00e1s alta de la esperada\u201d, volvi\u00f3 a remarcar Dujovne.<\/p>\n<p>El funcionario no explic\u00f3 cu\u00e1les son los planes del Gobierno para bajar diez puntos la inflaci\u00f3n como lo anunci\u00f3 ayer el Presidente desde la quinta de Olivos. \u201cEl c\u00f3mo es un tema del Banco Central\u201d, se desentendi\u00f3 y remarc\u00f3 que los servicios p\u00fablicos seguir\u00e1n subiendo, pero en menor medida.<\/p>\n<p>Dujovne admiti\u00f3\u00a0que la inflaci\u00f3n interanual que se ubic\u00f3 en junio en 29,5 por ciento obliga al Gobierno a dar explicaciones al Fondo Monetario Internacional tras el acuerdo alcanzado con el organismo. El ministro intent\u00f3 minimizar esa obligaci\u00f3n pero confirm\u00f3 que si el \u00edndice est\u00e1 entre 25 y 29 por ciento \u00abno hay que dar ning\u00fan tipo de visi\u00f3n\u00bb al FMI, pero por encima de ese n\u00famero \u00abhay que explicar la visi\u00f3n de por qu\u00e9 se cruz\u00f3 y c\u00f3mo se va a volver de ah\u00ed al centro de la banda\u00bb.<\/p>\n<p>Por \u00faltimo, ratific\u00f3 el camino econ\u00f3mico del gobierno y reafirm\u00f3 que el pr\u00f3ximo a\u00f1o ser\u00e1 otro a\u00f1o de ajuste para cumplir con las exigencias del FMI, que incluyen un recorte de entre 200 y 300 mil millones de pesos del gasto p\u00fablico. \u201cPretendemos seguir avanzando con recortes por el lado del gasto\u201d, dijo Dujovne.<\/p>\n<h6>Fuente: P\u00e1gina 12<\/h6>\n","protected":false},"excerpt":{"rendered":"<p>El ministro de Hacienda afirm\u00f3 que \u00abforma parte del accionar del Banco Central\u00bb la posibilidad de que el a\u00f1o que viene la inflaci\u00f3n baje 10 puntos, como prometi\u00f3 ayer el presidente Macri al hablar del paso de \u00abla tormenta\u00bb. <\/p>\n","protected":false},"author":2,"featured_media":79399,"comment_status":"closed","ping_status":"closed","sticky":false,"template":"","format":"standard","meta":{"footnotes":""},"categories":[8],"tags":[21],"class_list":["post-79398","post","type-post","status-publish","format-standard","has-post-thumbnail","hentry","category-informe-nacional","tag-argentina"],"_links":{"self":[{"href":"http:\/\/argentinamunicipal.com.ar\/argentina\/wp-json\/wp\/v2\/posts\/79398","targetHints":{"allow":["GET"]}}],"collection":[{"href":"http:\/\/argentinamunicipal.com.ar\/argentina\/wp-json\/wp\/v2\/posts"}],"about":[{"href":"http:\/\/argentinamunicipal.com.ar\/argentina\/wp-json\/wp\/v2\/types\/post"}],"author":[{"embeddable":true,"href":"http:\/\/argentinamunicipal.com.ar\/argentina\/wp-json\/wp\/v2\/users\/2"}],"replies":[{"embeddable":true,"href":"http:\/\/argentinamunicipal.com.ar\/argentina\/wp-json\/wp\/v2\/comments?post=79398"}],"version-history":[{"count":0,"href":"http:\/\/argentinamunicipal.com.ar\/argentina\/wp-json\/wp\/v2\/posts\/79398\/revisions"}],"wp:featuredmedia":[{"embeddable":true,"href":"http:\/\/argentinamunicipal.com.ar\/argentina\/wp-json\/wp\/v2\/media\/79399"}],"wp:attachment":[{"href":"http:\/\/argentinamunicipal.com.ar\/argentina\/wp-json\/wp\/v2\/media?parent=79398"}],"wp:term":[{"taxonomy":"category","embeddable":true,"href":"http:\/\/argentinamunicipal.com.ar\/argentina\/wp-json\/wp\/v2\/categories?post=79398"},{"taxonomy":"post_tag","embeddable":true,"href":"http:\/\/argentinamunicipal.com.ar\/argentina\/wp-json\/wp\/v2\/tags?post=79398"}],"curies":[{"name":"wp","href":"https:\/\/api.w.org\/{rel}","templated":true}]}}