{"id":79461,"date":"2018-07-23T06:47:46","date_gmt":"2018-07-23T09:47:46","guid":{"rendered":"http:\/\/argentinamunicipal.com.ar\/argentina\/?p=79461"},"modified":"2018-07-23T06:47:46","modified_gmt":"2018-07-23T09:47:46","slug":"en-medio-del-recorte-publico-cambiemos-amplia-el-presupuesto-para-publicidad-en-mas-de-700-millones","status":"publish","type":"post","link":"http:\/\/argentinamunicipal.com.ar\/argentina\/en-medio-del-recorte-publico-cambiemos-amplia-el-presupuesto-para-publicidad-en-mas-de-700-millones\/","title":{"rendered":"En medio del recorte p\u00fablico, Cambiemos ampl\u00eda el presupuesto para publicidad en m\u00e1s de $700 millones"},"content":{"rendered":"<p>El FMI puso como requisito del acuerdo stand by una disminuci\u00f3n veloz del d\u00e9ficit fiscal para lograr llegar a cero en 2020, pero mientras el Gobierno achica el gasto p\u00fablico, incrementa los contratos privados con empresas de publicidad para campa\u00f1a.<\/p>\n<p>Mientras el Gobierno acelera los recortes en el gasto p\u00fablico para reducir gastos por 7 mil millones de d\u00f3lares el a\u00f1o que viene y la misma cantidad en 2020, y as\u00ed cumplir con los requisitos del FMI,\u00a0la gesti\u00f3n encabezada por Mauricio Macri decidi\u00f3 ampliar el presupuesto destinado a la publicidad en m\u00e1s de 700 millones de pesos.<\/p>\n<p>La informaci\u00f3n se conoce justo cuando\u00a0la titular del organismo internacional de cr\u00e9dito se encuentra en el pa\u00eds con motivos de la Cumbre del G-20. El Presidente y su equipo \u201cla dejaron contenta\u201d en cuanto a los n\u00fameros fiscales, ya que d\u00e9ficit fiscal primario de junio fue de $56.664 millones y en el primer semestre de $105.825 millones, el equivalente al 0,8% del PBI. Un recorte considerable respecto al del primer semestre del a\u00f1o pasado que hab\u00eda sido el 1,4%.<\/p>\n<p>Lo que se olvidaron de comentarle fue este detalle publicitario y el incremento de presupuesto destinado a financiarlo.<\/p>\n<p>El a\u00f1o pasado\u00a0el programa \u00abPrensa y difusi\u00f3n de actos de Gobierno\u00bb ten\u00eda destinado $2.396.750.346, pero este a\u00f1o el monto alcanz\u00f3 $3.104.194.002, es decir $708.000.000 m\u00e1s de lo que se vot\u00f3 en el Congreso. Pero esto no es todo, sino que el incremento fue destinado a empresas \u201camigas\u201d de Cambiemos.<\/p>\n<p>Seg\u00fan detalla el diario Cr\u00f3nica, el Gobierno proyect\u00f3 gastar unos 70 millones de pesos para este a\u00f1o para la elaboraci\u00f3n de spots publicitarios donde se ponderan la calidad de los asfaltos ruteros y la conexi\u00f3n de internet de las escuelas rurales.\u00a0La firma\u00a0Power Rep\u00fablica S.A\u00a0fue contratada por $28.354.909 para tal fin.\u00a0En el staff de la empresa se encuentran Sebasti\u00e1n Olivieri y Sebasti\u00e1n Mart\u00edn Zuddio, ex integrantes de la agencia Circus, que cre\u00f3 los spots del gobierno entre 2016 y 2017. Adem\u00e1s, Zuddio es el concu\u00f1ado del ministro de Interior Rogelio Frigerio. Y las esposas de ambos son las hermanas Sof\u00eda y Victoria, hijas de don Pedro Costoya, amigo personal de Mauricio Macri.<\/p>\n<p>Por otro lado,\u00a0la agencia\u00a0Comunidad S.A,\u00a0creada por\u00a0Joaqu\u00edn Moll\u00e1,\u00a0publicista que se sum\u00f3 a trabajar con el PRO en 2009, factur\u00f3 en el mes de mayo de 2018 la suma de $50.845.097 por la realizaci\u00f3n de otras obras maestras de la publicidad oficial tituladas \u00abEnerg\u00eda Electricidad Gesti\u00f3n\u00bb, \u00abRed SUBE\u00bb, \u00abEficiencia Energ\u00e9tica Gas\u00bb y \u00abEl Estado en tu barrio\u00bb.<\/p>\n<p>La ampliaci\u00f3n tambi\u00e9n consigna la limpieza y el mantenimiento de la Villa Ol\u00edmpica durante los juegos de la Juventud, que se realizar\u00e1n este a\u00f1o en Buenos Aires, la tarea estar\u00e1 a cargo de la empresa de Pedro Costoya y cobrar\u00e1 $49.000.000.<\/p>\n<p>Asimismo,\u00a0Aura Advertising S.A., perteneciente a Juan Manuel Ricciarelli, cercano a Federico Salvai, factur\u00f3 en abril de este a\u00f1o $16.026.499; y Casta Diva Pictures, a cargo de la ex del PAMI Mar\u00eda Cecilia Felgueras, que factur\u00f3 entre abril y mayo de este a\u00f1o $2.122.098.<\/p>\n<p>Todo esto se da\u00a0en el marco del esc\u00e1ndalo por las denuncias sobre aportantes truchos a las campa\u00f1as electorales de Cambiemos. Es que tres a\u00f1os despu\u00e9s de la pol\u00e9mica en 2015 por los descarados contratos con la productora fundada por Fernando Niembro y la \u201cpauta fantasma\u201d, las denuncias vuelven a cobrar fuerza, pero esta vez no son peque\u00f1os medios los que se usan para \u201cblanquear\u201d pauta, sino aportantes particulares, beneficiarios de planes sociales y militantes que, juran y perjuran, nunca pusieron un peso.<\/p>\n<p>Tal situaci\u00f3n deriv\u00f3 en el\u00a0despido por parte de la Gobernadora Mar\u00eda Eugenia Vidal de la titular de la Contadur\u00eda General de la provincia, Fernanda Inza, quien fue responsable de los fondos de campa\u00f1a de Cambiemos.<\/p>\n<p>Ahora, tras conocerse la ampliaci\u00f3n del presupuesto para \u00abPrensa y difusi\u00f3n de actos de Gobierno\u00bb, la pol\u00e9mica vuelve a abrazar a Cambiemos.<\/p>\n<h6>Fuetne: InfoCielo<\/h6>\n","protected":false},"excerpt":{"rendered":"<p>El FMI puso como requisito del acuerdo stand by una disminuci\u00f3n veloz del d\u00e9ficit fiscal para lograr llegar a cero en 2020, pero mientras el Gobierno achica el gasto p\u00fablico, incrementa los contratos privados con empresas de publicidad para campa\u00f1a.<\/p>\n","protected":false},"author":2,"featured_media":79462,"comment_status":"closed","ping_status":"closed","sticky":false,"template":"","format":"standard","meta":{"footnotes":""},"categories":[8],"tags":[21],"class_list":["post-79461","post","type-post","status-publish","format-standard","has-post-thumbnail","hentry","category-informe-nacional","tag-argentina"],"_links":{"self":[{"href":"http:\/\/argentinamunicipal.com.ar\/argentina\/wp-json\/wp\/v2\/posts\/79461","targetHints":{"allow":["GET"]}}],"collection":[{"href":"http:\/\/argentinamunicipal.com.ar\/argentina\/wp-json\/wp\/v2\/posts"}],"about":[{"href":"http:\/\/argentinamunicipal.com.ar\/argentina\/wp-json\/wp\/v2\/types\/post"}],"author":[{"embeddable":true,"href":"http:\/\/argentinamunicipal.com.ar\/argentina\/wp-json\/wp\/v2\/users\/2"}],"replies":[{"embeddable":true,"href":"http:\/\/argentinamunicipal.com.ar\/argentina\/wp-json\/wp\/v2\/comments?post=79461"}],"version-history":[{"count":0,"href":"http:\/\/argentinamunicipal.com.ar\/argentina\/wp-json\/wp\/v2\/posts\/79461\/revisions"}],"wp:featuredmedia":[{"embeddable":true,"href":"http:\/\/argentinamunicipal.com.ar\/argentina\/wp-json\/wp\/v2\/media\/79462"}],"wp:attachment":[{"href":"http:\/\/argentinamunicipal.com.ar\/argentina\/wp-json\/wp\/v2\/media?parent=79461"}],"wp:term":[{"taxonomy":"category","embeddable":true,"href":"http:\/\/argentinamunicipal.com.ar\/argentina\/wp-json\/wp\/v2\/categories?post=79461"},{"taxonomy":"post_tag","embeddable":true,"href":"http:\/\/argentinamunicipal.com.ar\/argentina\/wp-json\/wp\/v2\/tags?post=79461"}],"curies":[{"name":"wp","href":"https:\/\/api.w.org\/{rel}","templated":true}]}}