{"id":79476,"date":"2018-07-23T07:12:03","date_gmt":"2018-07-23T10:12:03","guid":{"rendered":"http:\/\/argentinamunicipal.com.ar\/argentina\/?p=79476"},"modified":"2018-07-23T07:12:03","modified_gmt":"2018-07-23T10:12:03","slug":"la-flexibilizacion-laboral-en-agenda","status":"publish","type":"post","link":"http:\/\/argentinamunicipal.com.ar\/argentina\/la-flexibilizacion-laboral-en-agenda\/","title":{"rendered":"La flexibilizaci\u00f3n laboral en agenda"},"content":{"rendered":"<p>El \u201cfuturo del trabajo\u201d es uno de los ejes introducidos por Argentina en el G-20. El secretario de Asuntos Internacionales del Ministerio de Finanzas de Brasil asegur\u00f3 que la propuesta tiene un v\u00ednculo estrecho con la reforma laboral que ellos impulsaron.<\/p>\n<p>El gobierno argentino propuso el \u201cfuturo del trabajo\u201d como uno de los temas centrales de la agenda del G-20. Es un tema vistoso pero secundario frente a los platos fuertes del comercio y las finanzas globales. P\u00e1ginaI12 convers\u00f3 con Marcello Estevao, secretario de Asuntos Internacionales del Ministerio de Finanzas de Brasil, sobre qu\u00e9 involucra este t\u00f3pico laboral.<\/p>\n<p>\u201c\u00bfQu\u00e9 relaci\u00f3n encuentra entre la idea del \u201cfuturo del trabajo\u201d que propuso el gobierno argentino para esta cumbre con la reforma laboral de Brasil?\u201d, le consult\u00f3 este diario a Estevao. \u201cHay un v\u00ednculo muy estrecho. Nuestra reforma intent\u00f3 disminuir el grado de rigidez de las relaciones laborales en Brasil, la cual era mala para tanto para los empresarios como para los trabajadores. Hab\u00eda reglas muy estrictas sobre las horas de almuerzo, por ejemplo. La reforma permite que las negociaciones a nivel empresa tengan preeminencia sobre la legislaci\u00f3n general, siempre que se adec\u00fae a la constituci\u00f3n nacional. Esto va en la misma direcci\u00f3n que la idea del futuro del trabajo porque es necesario tener mercados de trabajo m\u00e1s flexibles para poder adaptarse a los shocks tecnol\u00f3gicos\u201d, respondi\u00f3 el funcionario de Brasil. La reforma laboral del pa\u00eds vecino es considerada absolutamente regresiva por las organizaciones sindicales de ese pa\u00eds porque recorta mucho poder de negociaci\u00f3n a los trabajadores y retira derechos laborales consagrados durante el siglo XX.<\/p>\n<p>La econom\u00eda de Brasil sinti\u00f3 cierto impacto por la suba de la tasa de inter\u00e9s decidida por la Reserva Federal de los Estados Unidos, de hecho el FMI redujo la estimaci\u00f3n de crecimiento del pa\u00eds vecino de 2,3 a 1,8 por ciento para este a\u00f1o. Sin embargo, se trat\u00f3 de un temblor de baja escala, a diferencia de lo que pas\u00f3 en la Argentina, cuya fragilidad econ\u00f3mica desat\u00f3 una crisis que el Gobierno nacional no imaginaba. \u201cEstamos haciendo un ajuste fiscal y monetario y tenemos condiciones de superar el shock sin problemas. Contamos con casi 400 mil millones de d\u00f3lares de reservas internacionales despu\u00e9s de la peor recesi\u00f3n en nuestra historia. Estamos apoyando al gobierno argentino pero nosotros no sentimos un impacto fuerte\u201d, dijo Estevao.<\/p>\n<p>Uno de los puntos fuertes de la agenda entre la Argentina y Brasil es la negociaci\u00f3n del acuerdo entre la Uni\u00f3n Europea y el Mercosur. \u201cEs un acuerdo muy importante porque el Mercosur es muy cerrado en t\u00e9rminos comerciales, tenemos que trabajar para tener no s\u00f3lo m\u00e1s exportaciones sino principalmente m\u00e1s importaciones en el bloque. Si se importan los bienes que nosotros hacemos pero son muy caros, los productos nacionales ser\u00e1n m\u00e1s baratos y competitivos. Habr\u00eda un incremento de la productividad. El proteccionismo no es bueno para nadie\u201d, consider\u00f3 Estevao. La posici\u00f3n del gobierno argentino en relaci\u00f3n al acuerdo con la UE es incluso m\u00e1s entusiasta que la de Brasil, en donde los industriales de San Pablo pudieron dilatar las negociaciones.<\/p>\n<p>Frente a los temores de los industriales por la liberalizaci\u00f3n comercial, Estevao dijo que \u201cnosotros tenemos que actuar pensando en la poblaci\u00f3n general, no en sectores espec\u00edficos. Podemos producir muchas cosas, no necesariamente lo que estamos produciendo en este momento\u201d.<\/p>\n<h6>Fuente: P\u00e1gina 12<\/h6>\n","protected":false},"excerpt":{"rendered":"<p>El \u201cfuturo del trabajo\u201d es uno de los ejes introducidos por Argentina en el G-20. El secretario de Asuntos Internacionales del Ministerio de Finanzas de Brasil asegur\u00f3 que la propuesta tiene un v\u00ednculo estrecho con la reforma laboral que ellos impulsaron.<\/p>\n","protected":false},"author":2,"featured_media":79477,"comment_status":"closed","ping_status":"closed","sticky":false,"template":"","format":"standard","meta":{"footnotes":""},"categories":[8],"tags":[21],"class_list":["post-79476","post","type-post","status-publish","format-standard","has-post-thumbnail","hentry","category-informe-nacional","tag-argentina"],"_links":{"self":[{"href":"http:\/\/argentinamunicipal.com.ar\/argentina\/wp-json\/wp\/v2\/posts\/79476","targetHints":{"allow":["GET"]}}],"collection":[{"href":"http:\/\/argentinamunicipal.com.ar\/argentina\/wp-json\/wp\/v2\/posts"}],"about":[{"href":"http:\/\/argentinamunicipal.com.ar\/argentina\/wp-json\/wp\/v2\/types\/post"}],"author":[{"embeddable":true,"href":"http:\/\/argentinamunicipal.com.ar\/argentina\/wp-json\/wp\/v2\/users\/2"}],"replies":[{"embeddable":true,"href":"http:\/\/argentinamunicipal.com.ar\/argentina\/wp-json\/wp\/v2\/comments?post=79476"}],"version-history":[{"count":0,"href":"http:\/\/argentinamunicipal.com.ar\/argentina\/wp-json\/wp\/v2\/posts\/79476\/revisions"}],"wp:featuredmedia":[{"embeddable":true,"href":"http:\/\/argentinamunicipal.com.ar\/argentina\/wp-json\/wp\/v2\/media\/79477"}],"wp:attachment":[{"href":"http:\/\/argentinamunicipal.com.ar\/argentina\/wp-json\/wp\/v2\/media?parent=79476"}],"wp:term":[{"taxonomy":"category","embeddable":true,"href":"http:\/\/argentinamunicipal.com.ar\/argentina\/wp-json\/wp\/v2\/categories?post=79476"},{"taxonomy":"post_tag","embeddable":true,"href":"http:\/\/argentinamunicipal.com.ar\/argentina\/wp-json\/wp\/v2\/tags?post=79476"}],"curies":[{"name":"wp","href":"https:\/\/api.w.org\/{rel}","templated":true}]}}