{"id":79538,"date":"2018-07-24T06:17:37","date_gmt":"2018-07-24T09:17:37","guid":{"rendered":"http:\/\/argentinamunicipal.com.ar\/argentina\/?p=79538"},"modified":"2018-07-23T18:22:34","modified_gmt":"2018-07-23T21:22:34","slug":"79538-2","status":"publish","type":"post","link":"http:\/\/argentinamunicipal.com.ar\/argentina\/79538-2\/","title":{"rendered":"Macri nos lleva a la muerte"},"content":{"rendered":"<p>El anuncio del Presidente sobre los cambios en la funci\u00f3n de las FF.AA. disuelve la barrera entre la seguridad interior y la defensa nacional. Si la sociedad no detiene a Mauricio Macri, es una decisi\u00f3n que cambiar\u00e1 la vida de la Argentina para siempre. Y arruinar\u00e1, inclusive, la vida de los propios militares.<\/p>\n<p>Macri abri\u00f3 las compuertas que llevan hacia M\u00e9xico. En 2006 el presidente Felipe Calder\u00f3n sum\u00f3 a los militares a la lucha contra el narcotr\u00e1fico. Los muertos por la guerra entre los narcos y la guerra militar antinarco, a los que se a\u00f1aden los asesinatos por otros cr\u00edmenes, llegaron a 234 mil entre 2006 y 2017. Son datos del Instituto Nacional de Estad\u00edstica y Geograf\u00eda y del Sistema Nacional de Seguridad P\u00fablica de M\u00e9xico. Primera aclaraci\u00f3n: el problema del narco en la Argentina no tiene nada que ver con el de M\u00e9xico. Los cuates tienen del otro lado de su frontera norte &#8211;3.100 kil\u00f3metros con los Estados Unidos&#8211; la mayor demanda de droga del mundo. Antes, de coca\u00edna. Ahora tambi\u00e9n de opioides y drogas sint\u00e9ticas. Segunda aclaraci\u00f3n: la participaci\u00f3n militar produjo m\u00e1s muertes pero no solucion\u00f3 el problema del narco.<\/p>\n<p>Otro argumento del Gobierno es que las amenazas no vienen solo de Estados extranjeros sino de agentes extraestatales. Es una verdad parcial, porque siempre hay Estados detr\u00e1s. Los especialistas discuten, por ejemplo, el papel de Qatar en el esponsoreo del terrorismo en el Medio Oriente y fuera del Medio Oriente. Pero incluso si no se tratara de Estados, habitualmente los ataques no usan armamento militar. Las Torres Gemelas fueron derruidas y miles de personas fueron exterminadas con el uso de suicidas y aviones civiles robados y desviados de su ruta. El grupo de Al-Qaeda no ten\u00eda ni pistolas. Los que planifican atentados en Europa usan como arma tambi\u00e9n a suicidas bien entrenados que a su vez utilizan cuchillos para matar o camiones para masacrar turistas mientras pasean por Londres o Niza.<\/p>\n<p>En t\u00e9rminos biol\u00f3gicos es cierto que los actuales militares argentinos no tienen responsabilidad alguna en los cr\u00edmenes de la dictadura. Un general de 55 a\u00f1os ten\u00eda 13 a\u00f1os en 1976. Pero la historia trasciende la biolog\u00eda. A la Argentina le fue mal cuando militares estadounidenses y franceses impartieron la Doctrina de la Seguridad Nacional seg\u00fan la que, en s\u00edntesis, el enemigo estaba adentro y hab\u00eda que combatirlo con el mismo m\u00e9todo que los colonialistas franceses aplicaron contra los insurgentes de Argelia: la tortura como fuente de inteligencia y el asesinato como m\u00e9todo de soluci\u00f3n final.<\/p>\n<p>La democracia argentina, con el acuerdo de radicales y peronistas en materia de seguridad interior y defensa nacional, construy\u00f3 una nueva legalidad. No es que los militares considerados individualmente sean adictos a la represi\u00f3n interna. Las instituciones se basaron en esa doctrina y en esa pr\u00e1ctica y el resultado fueron miles de muertos y desaparecidos. Por la derrota militar en la aventura de Malvinas, el peso de los organismos de derechos humanos y el avance de la conciencia democr\u00e1tica, los argentinos tuvieron la Conadep, el Nunca M\u00e1s, el Juicio a las Juntas, los juicios de la verdad y el proceso de Memoria, Verdad y Justicia. Tambi\u00e9n quisieron, supieron y pudieron separar a las Fuerzas Armadas de funciones internas y de funciones externas no castrenses. Como sociedad, evitaron la reca\u00edda. Para pensarlo en t\u00e9rminos de adicci\u00f3n, lo que empez\u00f3 como una reducci\u00f3n de da\u00f1os termin\u00f3 con un cambio profundo.<\/p>\n<p>Ahora Macri abre otra vez el camino del desastre. Un camino que estaba sabiamente cerrado. Y sin motivos ni argumentos reales, nos lleva a la guerra. Como Calder\u00f3n, que liquid\u00f3 a su propio partido conservador, el PAN, Macri est\u00e1 emprendiendo la senda de un suicida. El riesgo es que, como se trata de un Presidente, el suicidio puede ser colectivo.<\/p>\n<h6>Fuente: P\u00e1gina 12<\/h6>\n","protected":false},"excerpt":{"rendered":"<p>El anuncio del Presidente sobre los cambios en la funci\u00f3n de las FF.AA. disuelve la barrera entre la seguridad interior y la defensa nacional. <\/p>\n","protected":false},"author":2,"featured_media":79539,"comment_status":"closed","ping_status":"closed","sticky":false,"template":"","format":"standard","meta":{"footnotes":""},"categories":[8],"tags":[21],"class_list":["post-79538","post","type-post","status-publish","format-standard","has-post-thumbnail","hentry","category-informe-nacional","tag-argentina"],"_links":{"self":[{"href":"http:\/\/argentinamunicipal.com.ar\/argentina\/wp-json\/wp\/v2\/posts\/79538","targetHints":{"allow":["GET"]}}],"collection":[{"href":"http:\/\/argentinamunicipal.com.ar\/argentina\/wp-json\/wp\/v2\/posts"}],"about":[{"href":"http:\/\/argentinamunicipal.com.ar\/argentina\/wp-json\/wp\/v2\/types\/post"}],"author":[{"embeddable":true,"href":"http:\/\/argentinamunicipal.com.ar\/argentina\/wp-json\/wp\/v2\/users\/2"}],"replies":[{"embeddable":true,"href":"http:\/\/argentinamunicipal.com.ar\/argentina\/wp-json\/wp\/v2\/comments?post=79538"}],"version-history":[{"count":0,"href":"http:\/\/argentinamunicipal.com.ar\/argentina\/wp-json\/wp\/v2\/posts\/79538\/revisions"}],"wp:featuredmedia":[{"embeddable":true,"href":"http:\/\/argentinamunicipal.com.ar\/argentina\/wp-json\/wp\/v2\/media\/79539"}],"wp:attachment":[{"href":"http:\/\/argentinamunicipal.com.ar\/argentina\/wp-json\/wp\/v2\/media?parent=79538"}],"wp:term":[{"taxonomy":"category","embeddable":true,"href":"http:\/\/argentinamunicipal.com.ar\/argentina\/wp-json\/wp\/v2\/categories?post=79538"},{"taxonomy":"post_tag","embeddable":true,"href":"http:\/\/argentinamunicipal.com.ar\/argentina\/wp-json\/wp\/v2\/tags?post=79538"}],"curies":[{"name":"wp","href":"https:\/\/api.w.org\/{rel}","templated":true}]}}